{"id":11610,"date":"2019-08-14T10:56:40","date_gmt":"2019-08-14T13:56:40","guid":{"rendered":"https:\/\/blogs.correiobraziliense.com.br\/vicente\/?p=11610"},"modified":"2019-08-14T10:56:40","modified_gmt":"2019-08-14T13:56:40","slug":"no-planalto-exoneracao-de-paulo-fona-e-tratada-como-pedido-de-demissao","status":"publish","type":"post","link":"https:\/\/blogs.correiobraziliense.com.br\/vicente\/no-planalto-exoneracao-de-paulo-fona-e-tratada-como-pedido-de-demissao\/","title":{"rendered":"No Planalto, exonera\u00e7\u00e3o de Paulo Fona \u00e9 tratada como pedido de demiss\u00e3o"},"content":{"rendered":"<p><span style=\"font-weight: 400\">RODOLFO COSTA<\/span><\/p>\n<p><span style=\"font-weight: 400\">O presidente Jair Bolsonaro n\u00e3o demitiu o agora ex-titular da Secretaria de Imprensa da Presid\u00eancia (SIP) da Rep\u00fablica, Paulo Fona. Fontes palacianas afirmam que ele se demitiu ao escrever uma carta e compartilhar com a imprensa, informando que foi exonerado pelo chefe do Executivo federal. Ao <\/span><b>Blog<\/b><span style=\"font-weight: 400\">, pessoas pr\u00f3ximas do ministro-chefe da Secretaria de Governo, Luiz Eduardo Ramos, afirmam que a real hist\u00f3ria \u00e9 outra, diferente da comunicada pelo jornalista.\u00a0<\/span><\/p>\n<p>&nbsp;<\/p>\n<p><span style=\"font-weight: 400\">A indica\u00e7\u00e3o de Fona foi feita no fim de julho, pelo titular da Secretaria Especial de Comunica\u00e7\u00e3o Social, Fabio Wajngarten. Bolsonaro tem dado carta branca para que seus ministros e seus respectivos comandados montem suas pr\u00f3prias equipes. Na hierarquia da Secretaria de Governo, Fona era subordinado a Wajngarten, que, por sua vez, \u00e9 subordinado a Ramos.\u00a0<\/span><\/p>\n<p>&nbsp;<\/p>\n<p><span style=\"font-weight: 400\">Com a autonomia concedida por Bolsonaro, Wajngarten bateu o martelo para a sucess\u00e3o da SIP em meados de 25 de julho, quando a imprensa come\u00e7ou a divulgar a escolha. \u00c0 \u00e9poca, a informa\u00e7\u00e3o divulgada era de que ele assumiria o posto em 1\u00ba de agosto. A nomea\u00e7\u00e3o, no entanto, veio a ocorrer somente na \u00faltima sexta-feira (16\/8). Nesse meio tempo, no entanto, Fona come\u00e7ou a ser fritado no governo, pelo passado profissional recente, quando foi secret\u00e1rio de Comunica\u00e7\u00e3o na gest\u00e3o de Rodrigo Rollemberg (PSB), ex-governador do Distrito Federal.<\/span><\/p>\n<p>&nbsp;<\/p>\n<p><span style=\"font-weight: 400\">Os apoiadores mais fi\u00e9is e os mais ideol\u00f3gicos do governo come\u00e7aram a mapear o hist\u00f3rico de Fona, e a afinidade pol\u00edtica do jornalista. Iniciou-se, ent\u00e3o, um processo de fritura, associando-o \u00e0 oposi\u00e7\u00e3o. Naturalmente, as informa\u00e7\u00f5es chegaram ao conhecimento de Bolsonaro, que, segundo admite ao <\/span><b>Blog<\/b><span style=\"font-weight: 400\"> um assessor da Secretaria de Governo, pediu, sim, a demiss\u00e3o de Fona, na segunda-feira (12), em viagem a Pelotas (RS).<\/span><\/p>\n<p>&nbsp;<\/p>\n<p><strong>Confian\u00e7a<\/strong><\/p>\n<p><span style=\"font-weight: 400\">O presidente tem um modus operandi pragm\u00e1tico de gest\u00e3o. Se Bolsonaro n\u00e3o sente confian\u00e7a em algum comandado, ainda que dentro da hierarquia em alguma das pastas, ele sugere a retirada do comandado. Mas Ramos teria sugerido paci\u00eancia. Diplom\u00e1tico, o ministro afirmou ao presidente que, na ter\u00e7a-feira (13), conversaria com Fona. Dito e feito. \u201cO ministro ligou para ele, \u00e0 noite, e marcou um caf\u00e9 da manh\u00e3 para amanh\u00e3 [hoje, quarta-feira (14)]. Como Fona n\u00e3o foi indica\u00e7\u00e3o dele, a inten\u00e7\u00e3o do encontro era simplesmente poderem conversar, cara a cara, e se conhecerem melhor antes de tomar a decis\u00e3o de confirmar a demitir, ou n\u00e3o\u201d, afirmou um interlocutor.\u00a0<\/span><\/p>\n<p>&nbsp;<\/p>\n<p><span style=\"font-weight: 400\">Depois da conversa, veio a surpresa. \u201cO Fona disse que a \u2018decis\u00e3o de sua exonera\u00e7\u00e3o\u2019 pelo presidente o \u2018pegou de surpresa\u2019. Quem foi pego de surpresa foi o ministro\u201d, criticou o interlocutor. \u201cEle se demitiu quando mandou essa carta para a imprensa. Estava tudo certo para os dois tomarem o caf\u00e9, no gabinete do ministro, e ele fez aquilo, jogando a responsabilidade no presidente\u201d, acrescentou.\u00a0<\/span><\/p>\n<p>&nbsp;<\/p>\n<p><span style=\"font-weight: 400\">Confira abaixo, na \u00edntegra, a carta enviada aos jornalistas por Paulo Fona:<\/span><\/p>\n<p>&nbsp;<\/p>\n<p><i><span style=\"font-weight: 400\">A decis\u00e3o da minha exonera\u00e7\u00e3o pelo Presidente da Rep\u00fablica me pegou de surpresa. Fui convidado para assumir a Secretaria de Imprensa, alertei-os de meu hist\u00f3rico e minha postura profissional e a inten\u00e7\u00e3o de ajudar na melhoria do relacionamento com a m\u00eddia em geral. O desafio era imenso, sempre soube, mas esperava maior profissionalismo, o que n\u00e3o encontrei. Em todos os governos que passei de diferentes partidos &#8211; MDB, PSDB e PSB &#8211; sempre trabalhei com o objetivo de tornar a Comunica\u00e7\u00e3o mais \u00e1gil, eficiente e transparente e leal \u00e0s propostas da gest\u00e3o.<\/span><\/i><\/p>\n<p>&nbsp;<\/p>\n<p><i><span style=\"font-weight: 400\">Foi assim que aprendi a trabalhar ao longo de quase quatro d\u00e9cadas, nos principais ve\u00edculos de comunica\u00e7\u00e3o do pa\u00eds e nas secretarias de Comunica\u00e7\u00e3o do Distrito Federal, por duas vezes, e do Rio Grande do Sul.\u00a0<\/span><\/i><i><span style=\"font-weight: 400\">Com meu pai aprendi a respeitar as pessoas e os cargos p\u00fablicos que me foram confiados. Constru\u00ed minha carreira profissional com meus pr\u00f3prios m\u00e9ritos e defeitos. Obrigado a todos os jornalistas que me acolheram de maneira calorosa e esperan\u00e7osa de que o relacionamento mudaria.<\/span><\/i><\/p>\n<p>&nbsp;<\/p>\n<p><i><span style=\"font-weight: 400\">Paulo Fona<\/span><\/i><\/p>\n","protected":false},"excerpt":{"rendered":"<p>RODOLFO COSTA O presidente Jair Bolsonaro n\u00e3o demitiu o agora ex-titular da Secretaria de Imprensa da Presid\u00eancia (SIP) da Rep\u00fablica, Paulo Fona. Fontes palacianas afirmam que ele se demitiu ao escrever uma carta e compartilhar com a imprensa, informando que foi exonerado pelo chefe do Executivo federal. Ao Blog, pessoas pr\u00f3ximas do ministro-chefe da Secretaria [&hellip;]<\/p>\n","protected":false},"author":22,"featured_media":11611,"comment_status":"open","ping_status":"closed","sticky":false,"template":"","format":"standard","meta":{"footnotes":""},"categories":[600],"tags":[2554,3988,4080,3989,4081,4082],"class_list":["post-11610","post","type-post","status-publish","format-standard","has-post-thumbnail","hentry","category-economia","tag-bolsonaro","tag-luiz-eduardo-ramos","tag-paulo-fona","tag-ramos","tag-sip","tag-wajngarten"],"_links":{"self":[{"href":"https:\/\/blogs.correiobraziliense.com.br\/vicente\/wp-json\/wp\/v2\/posts\/11610","targetHints":{"allow":["GET"]}}],"collection":[{"href":"https:\/\/blogs.correiobraziliense.com.br\/vicente\/wp-json\/wp\/v2\/posts"}],"about":[{"href":"https:\/\/blogs.correiobraziliense.com.br\/vicente\/wp-json\/wp\/v2\/types\/post"}],"author":[{"embeddable":true,"href":"https:\/\/blogs.correiobraziliense.com.br\/vicente\/wp-json\/wp\/v2\/users\/22"}],"replies":[{"embeddable":true,"href":"https:\/\/blogs.correiobraziliense.com.br\/vicente\/wp-json\/wp\/v2\/comments?post=11610"}],"version-history":[{"count":1,"href":"https:\/\/blogs.correiobraziliense.com.br\/vicente\/wp-json\/wp\/v2\/posts\/11610\/revisions"}],"predecessor-version":[{"id":11612,"href":"https:\/\/blogs.correiobraziliense.com.br\/vicente\/wp-json\/wp\/v2\/posts\/11610\/revisions\/11612"}],"wp:featuredmedia":[{"embeddable":true,"href":"https:\/\/blogs.correiobraziliense.com.br\/vicente\/wp-json\/wp\/v2\/media\/11611"}],"wp:attachment":[{"href":"https:\/\/blogs.correiobraziliense.com.br\/vicente\/wp-json\/wp\/v2\/media?parent=11610"}],"wp:term":[{"taxonomy":"category","embeddable":true,"href":"https:\/\/blogs.correiobraziliense.com.br\/vicente\/wp-json\/wp\/v2\/categories?post=11610"},{"taxonomy":"post_tag","embeddable":true,"href":"https:\/\/blogs.correiobraziliense.com.br\/vicente\/wp-json\/wp\/v2\/tags?post=11610"}],"curies":[{"name":"wp","href":"https:\/\/api.w.org\/{rel}","templated":true}]}}