{"id":11600,"date":"2019-08-13T10:03:46","date_gmt":"2019-08-13T13:03:46","guid":{"rendered":"https:\/\/blogs.correiobraziliense.com.br\/vicente\/?p=11600"},"modified":"2019-08-13T12:15:02","modified_gmt":"2019-08-13T15:15:02","slug":"prefeito-de-miami-e-novo-aliado-do-governo-brasileiro","status":"publish","type":"post","link":"https:\/\/blogs.correiobraziliense.com.br\/vicente\/prefeito-de-miami-e-novo-aliado-do-governo-brasileiro\/","title":{"rendered":"Prefeito de Miami \u00e9 novo aliado do governo brasileiro"},"content":{"rendered":"<p>HAMILTON FERRARI<\/p>\n<p>&nbsp;<\/p>\n<p><span style=\"font-weight: 400\">As rela\u00e7\u00f5es Brasil-Estados Unidos, que subiram a outro patamar com a chegada de Jair Bolsonaro \u00e0 Presid\u00eancia da Rep\u00fablica, acabam de ganhar mais um aliado: o prefeito de Miami, o republicano Francis Xavier Suarez. Filho de cubanos, o pol\u00edtico norte-americano desembarcou na segunda-feira (12\/08), em S\u00e3o Paulo, para uma visita de quatro dias. <\/span><\/p>\n<p>&nbsp;<\/p>\n<p><span style=\"font-weight: 400\">Na agenda, tem encontros com os governadores de S\u00e3o Paulo, Jo\u00e3o Doria (PSDB) e do Rio de Janeiro, Wilson Witzel (PSC) e com os prefeitos das duas capitais, Bruno Covas (PSDB) e Marcelo Crivella (PRB). Suarez tamb\u00e9m deve ser recebido pelo pr\u00f3prio Bolsonaro ao fim da visita, em Bras\u00edlia. <\/span><\/p>\n<p>&nbsp;<\/p>\n<p><span style=\"font-weight: 400\">A viagem do pol\u00edtico norte-americano ao Brasil est\u00e1 sendo organizada pelo empres\u00e1rio M\u00e1rio Garnero, organizador do F\u00f3rum das Am\u00e9ricas.\u00a0\u00a0<\/span><span style=\"font-weight: 400\">O empres\u00e1rio Antonio Primo, fundador da VC Capital, que nasceu no Brasil, mora nos Estados Unidos desde a inf\u00e2ncia, acompanha o prefeito republicano. Primo \u00e9 um dos principais empres\u00e1rios da cidade americana, que j\u00e1 \u00e9 o terceiro principal destino tur\u00edstico dos brasileiros nos EUA, depois de Orlando e de Nova York.<\/span><\/p>\n","protected":false},"excerpt":{"rendered":"<p>HAMILTON FERRARI &nbsp; As rela\u00e7\u00f5es Brasil-Estados Unidos, que subiram a outro patamar com a chegada de Jair Bolsonaro \u00e0 Presid\u00eancia da Rep\u00fablica, acabam de ganhar mais um aliado: o prefeito de Miami, o republicano Francis Xavier Suarez. Filho de cubanos, o pol\u00edtico norte-americano desembarcou na segunda-feira (12\/08), em S\u00e3o Paulo, para uma visita de quatro [&hellip;]<\/p>\n","protected":false},"author":22,"featured_media":0,"comment_status":"open","ping_status":"closed","sticky":false,"template":"","format":"standard","meta":{"footnotes":""},"categories":[600],"tags":[3665,363,4077,1551,3098,4076],"class_list":["post-11600","post","type-post","status-publish","format-standard","hentry","category-economia","tag-prefeito","tag-estados-unidos","tag-francis-xavier-suarez","tag-joao-doria","tag-miami","tag-wilson-witzel"],"_links":{"self":[{"href":"https:\/\/blogs.correiobraziliense.com.br\/vicente\/wp-json\/wp\/v2\/posts\/11600","targetHints":{"allow":["GET"]}}],"collection":[{"href":"https:\/\/blogs.correiobraziliense.com.br\/vicente\/wp-json\/wp\/v2\/posts"}],"about":[{"href":"https:\/\/blogs.correiobraziliense.com.br\/vicente\/wp-json\/wp\/v2\/types\/post"}],"author":[{"embeddable":true,"href":"https:\/\/blogs.correiobraziliense.com.br\/vicente\/wp-json\/wp\/v2\/users\/22"}],"replies":[{"embeddable":true,"href":"https:\/\/blogs.correiobraziliense.com.br\/vicente\/wp-json\/wp\/v2\/comments?post=11600"}],"version-history":[{"count":1,"href":"https:\/\/blogs.correiobraziliense.com.br\/vicente\/wp-json\/wp\/v2\/posts\/11600\/revisions"}],"predecessor-version":[{"id":11601,"href":"https:\/\/blogs.correiobraziliense.com.br\/vicente\/wp-json\/wp\/v2\/posts\/11600\/revisions\/11601"}],"wp:attachment":[{"href":"https:\/\/blogs.correiobraziliense.com.br\/vicente\/wp-json\/wp\/v2\/media?parent=11600"}],"wp:term":[{"taxonomy":"category","embeddable":true,"href":"https:\/\/blogs.correiobraziliense.com.br\/vicente\/wp-json\/wp\/v2\/categories?post=11600"},{"taxonomy":"post_tag","embeddable":true,"href":"https:\/\/blogs.correiobraziliense.com.br\/vicente\/wp-json\/wp\/v2\/tags?post=11600"}],"curies":[{"name":"wp","href":"https:\/\/api.w.org\/{rel}","templated":true}]}}