{"id":11582,"date":"2019-08-09T16:15:28","date_gmt":"2019-08-09T19:15:28","guid":{"rendered":"https:\/\/blogs.correiobraziliense.com.br\/vicente\/?p=11582"},"modified":"2019-08-09T16:15:28","modified_gmt":"2019-08-09T19:15:28","slug":"inquietacao-em-orgaos-fiscalizadores-do-governo-aumenta","status":"publish","type":"post","link":"https:\/\/blogs.correiobraziliense.com.br\/vicente\/inquietacao-em-orgaos-fiscalizadores-do-governo-aumenta\/","title":{"rendered":"Inquieta\u00e7\u00e3o em \u00f3rg\u00e3os fiscalizadores do governo aumenta"},"content":{"rendered":"<h2><span style=\"font-weight: 400\">ROSANA HESSEL<\/span><\/h2>\n<h2><\/h2>\n<h2><span style=\"font-weight: 400\">A inquieta\u00e7\u00e3o entre servidores que atuam em organismos de fiscaliza\u00e7\u00e3o \u00e9 grande pelos corredores da Esplanada dos Minist\u00e9rios. Segundo fontes, h\u00e1 uma preocupa\u00e7\u00e3o crescente com o desmantelamento de institui\u00e7\u00f5es renomadas, como o Instituto Nacional de Pesquisa Espacial (Inpe), seja um novo<em> modus operandi<\/em> do presidente Jair Bolsonaro. <\/span><\/h2>\n<h2><\/h2>\n<h2><span style=\"font-weight: 400\">Ao demitir recentemente o cientista Ricardo Galv\u00e3o, diretor do instituto que apresentou dados alarmantes sobre o aumento do desmatamento na Amaz\u00f4nia, o chefe do Executivo provocou uma onda de cr\u00edticas internacionais e acendeu a luz de alerta sobre o futuro de \u00f3rg\u00e3os que executam fun\u00e7\u00f5es t\u00e9cnicas e tenham como principal fun\u00e7\u00e3o fiscalizar o que o governo e autoridades fazem de errado.\u00a0<\/span><\/h2>\n<h2><\/h2>\n<p><span style=\"font-weight: 400\">A bola da vez \u00e9 o Coaf (Conselho de Controle de Atividades Financeiras), \u00f3rg\u00e3o que apontou movimenta\u00e7\u00f5es irregulares de dinheiro nas contas de Fabr\u00edcio Queiroz, ex-oficial-militar e ex-assessor de um dos filhos do presidente, o senador Fl\u00e1vio Bolsonaro (PSL-RJ). O chefe do Executivo anunciou nesta sexta-feira (09\/08) que a institui\u00e7\u00e3o vai sair do Minist\u00e9rio da Economia e ser\u00e1 subordinada ao Banco Central. Dias antes, o superministro Paulo Guedes tinha admitido que era poss\u00edvel \u201ccabe\u00e7as rolarem\u201d no Coaf.<\/span><\/p>\n<p>&nbsp;<\/p>\n<p><span style=\"font-weight: 400\">O atual presidente do Coaf, Roberto Leonel, \u00e9 amigo de longa data do ministro da Justi\u00e7a, Sergio Moro, e vem sendo alvos de cr\u00edticas de aliados do presidente ap\u00f3s o chefe do Supremo Tribunal Federal (STF), Dias Toffoli, suspender as investiga\u00e7\u00f5es que usem dados do Conselho,. A decis\u00e3o beneficiou diretamente o filho mais velho do presidente.\u00a0 A sa\u00edda de Leonel do Coaf seria mais um sinal de enfraquecimento de Moro, cujo pacote anticrime foi para as gavetas do Congresso. O pr\u00f3prio Bolsonaro defendeu que a medida fosse &#8220;segurada&#8221;.<\/span><\/p>\n<p>&nbsp;<\/p>\n<p><span style=\"font-weight: 400\">Al\u00e9m de Leonel, que entrou no Conselho depois que as investiga\u00e7\u00f5es sobre o filho do presidente tinham sido realizadas, mais tr\u00eas auditores da Receita Federal integram o colegiado. \u201cO Coaf foi um dos pilares das investiga\u00e7\u00f5es de lavagem de dinheiro no pa\u00eds. Ele \u00e9 bastante importante para ajudar o Fisco e a Pol\u00edcia Federal a desbaratarem esquemas de corrup\u00e7\u00e3o\u201d, defendeu o presidente do Sindifisco Nacional, Kleber Cabral. Ele teme que o perfil t\u00e9cnico atual seja abandonado com essa poss\u00edvel mudan\u00e7a no Conselho. Para ele, qualquer perda de autonomia do Coaf poder\u00e1, inclusive, prejudicar o processo de ades\u00e3o do Brasil na Organiza\u00e7\u00e3o para a Coopera\u00e7\u00e3o e Desenvolvimento Econ\u00f4mico (OCDE), o clube dos pa\u00edses ricos.<\/span><\/p>\n<p>&nbsp;<\/p>\n<p>&nbsp;<\/p>\n<p>&nbsp;<\/p>\n","protected":false},"excerpt":{"rendered":"<p>ROSANA HESSEL A inquieta\u00e7\u00e3o entre servidores que atuam em organismos de fiscaliza\u00e7\u00e3o \u00e9 grande pelos corredores da Esplanada dos Minist\u00e9rios. Segundo fontes, h\u00e1 uma preocupa\u00e7\u00e3o crescente com o desmantelamento de institui\u00e7\u00f5es renomadas, como o Instituto Nacional de Pesquisa Espacial (Inpe), seja um novo modus operandi do presidente Jair Bolsonaro. Ao demitir recentemente o cientista Ricardo [&hellip;]<\/p>\n","protected":false},"author":22,"featured_media":0,"comment_status":"open","ping_status":"closed","sticky":false,"template":"","format":"standard","meta":{"footnotes":""},"categories":[600],"tags":[2554,2367,4073,3613,3677],"class_list":["post-11582","post","type-post","status-publish","format-standard","hentry","category-economia","tag-bolsonaro","tag-coaf","tag-fisco","tag-paulo-guedes","tag-queiroz"],"_links":{"self":[{"href":"https:\/\/blogs.correiobraziliense.com.br\/vicente\/wp-json\/wp\/v2\/posts\/11582","targetHints":{"allow":["GET"]}}],"collection":[{"href":"https:\/\/blogs.correiobraziliense.com.br\/vicente\/wp-json\/wp\/v2\/posts"}],"about":[{"href":"https:\/\/blogs.correiobraziliense.com.br\/vicente\/wp-json\/wp\/v2\/types\/post"}],"author":[{"embeddable":true,"href":"https:\/\/blogs.correiobraziliense.com.br\/vicente\/wp-json\/wp\/v2\/users\/22"}],"replies":[{"embeddable":true,"href":"https:\/\/blogs.correiobraziliense.com.br\/vicente\/wp-json\/wp\/v2\/comments?post=11582"}],"version-history":[{"count":2,"href":"https:\/\/blogs.correiobraziliense.com.br\/vicente\/wp-json\/wp\/v2\/posts\/11582\/revisions"}],"predecessor-version":[{"id":11584,"href":"https:\/\/blogs.correiobraziliense.com.br\/vicente\/wp-json\/wp\/v2\/posts\/11582\/revisions\/11584"}],"wp:attachment":[{"href":"https:\/\/blogs.correiobraziliense.com.br\/vicente\/wp-json\/wp\/v2\/media?parent=11582"}],"wp:term":[{"taxonomy":"category","embeddable":true,"href":"https:\/\/blogs.correiobraziliense.com.br\/vicente\/wp-json\/wp\/v2\/categories?post=11582"},{"taxonomy":"post_tag","embeddable":true,"href":"https:\/\/blogs.correiobraziliense.com.br\/vicente\/wp-json\/wp\/v2\/tags?post=11582"}],"curies":[{"name":"wp","href":"https:\/\/api.w.org\/{rel}","templated":true}]}}