{"id":11561,"date":"2019-08-07T14:40:48","date_gmt":"2019-08-07T17:40:48","guid":{"rendered":"https:\/\/blogs.correiobraziliense.com.br\/vicente\/?p=11561"},"modified":"2019-08-07T15:18:43","modified_gmt":"2019-08-07T18:18:43","slug":"apoiadores-iniciam-movimento-contra-indicacao-do-subprocurador-augusto-aras","status":"publish","type":"post","link":"https:\/\/blogs.correiobraziliense.com.br\/vicente\/apoiadores-iniciam-movimento-contra-indicacao-do-subprocurador-augusto-aras\/","title":{"rendered":"Apoiadores de Bolsonaro iniciam movimento contra indica\u00e7\u00e3o do subprocurador Augusto Aras"},"content":{"rendered":"<p>RODOLFO COSTA<\/p>\n<p>O subprocurador-geral da Rep\u00fablica Augusto Aras \u00e9 o nome mais cotado para ser indicado como o pr\u00f3ximo procurador-geral da Rep\u00fablica, admitem ao <strong>Blog<\/strong> pessoas pr\u00f3ximas do presidente Jair Bolsonaro. Mas um movimento iniciado nas redes sociais pela camada mais ideol\u00f3gica dos eleitores do capit\u00e3o reformado pode colocar em xeque a indica\u00e7\u00e3o: o #ArasnaPGRn\u00e3o.<\/p>\n<p>&nbsp;<\/p>\n<p>O movimento come\u00e7ou por volta das 16h de ter\u00e7a-feira (6\/8), de acordo com o hor\u00e1rio de publica\u00e7\u00e3o da primeira hasthtag.\u00a0E ganhou for\u00e7a ao longo desta quarta-feira (7\/8), chegando a ultrapassar uma marca de 100 intera\u00e7\u00f5es.\u00a0A retalia\u00e7\u00e3o \u00e0 indica\u00e7\u00e3o de Aras \u00e9 justificada por apoiadores de Bolsonaro a posicionamentos diferentes dos defendidos pelo capit\u00e3o reformado.<\/p>\n<p>Em um trecho de uma entrevista ao jornalista Luis Nassif que circula no Twitter, o subprocurador fala sobre corrigir &#8220;grandes distor\u00e7\u00f5es&#8221; do sistema pol\u00edtico eleitoral e partid\u00e1rio e comenta sobre uma elei\u00e7\u00e3o em 2018 sem &#8220;perspectivas de golpe de qualquer natureza, populista, n\u00e3o populista, de elites, de n\u00e3o elites&#8221;.\u00a0No trecho, ele elogia um artigo do escritor e te\u00f3logo socialista Leonardo Boff que alertava para os &#8220;riscos que nossa democracia est\u00e1 passando.&#8221;<\/p>\n<p>&nbsp;<\/p>\n<p>Os eleitores de Bolsonaro o pressionam, ainda, por ter sido cotado como uma indica\u00e7\u00e3o da ex-presidente Dilma Rousseff ao Supremo Tribunal Federal (STF). Recortes de reportagens de mar\u00e7o de 2016 apontam Aras como um dos nomes cogitados pela petista. A t\u00e1tica nas redes sociais \u00e9 associar o subprocurador como algu\u00e9m que n\u00e3o compactua com as mesmas ideias de Bolsonaro para que o presidente vete a escolha.<\/p>\n<p>&nbsp;<\/p>\n<p><b>Ataques<\/b><\/p>\n<p>A estrat\u00e9gia foi estruturada por lideran\u00e7as de movimentos de rua. &#8220;O nome (para a PGR) \u00e9 ele (Aras), mas as ruas v\u00e3o come\u00e7ar a bater nele&#8221;, afirmou ao <strong>Blog<\/strong> um aliado de Bolsonaro no Parlamento. O objetivo \u00e9 descartar o subprocurador e induzir o presidente a cogitar outros nomes. O segundo na lista, diz a fonte, \u00e9 o subprocurador Lauro Cardoso. A subprocuradora M\u00f4nica Nicida, bem cotada por alguns no Planalto, n\u00e3o est\u00e1 na lista do presidente.<\/p>\n<p>&nbsp;<\/p>\n<p>Outros nomes ainda ser\u00e3o apresentados a Bolsonaro. Nesta quinta-feira (8\/8), a deputada Bia Kicis (PSL-DF), vice-l\u00edder do governo no Congresso, vai apresentar ao presidente a sugest\u00e3o de um subprocurador. A parlamentar tentou conversar o assunto com ele na ter\u00e7a-feira (6\/8), em S\u00e3o Paulo, mas ele n\u00e3o quis falar no momento, e adiou a conversa para amanh\u00e3.<\/p>\n<p>&nbsp;<\/p>\n<p><strong>Azar\u00f5es<\/strong><\/p>\n<p>Primeiro colocado na lista tr\u00edplice da Associa\u00e7\u00e3o Nacional dos Procuradores da Rep\u00fablica (ANPR), o subprocurador M\u00e1rio Bonsaglia corre por fora. A ala ideol\u00f3gica do governo o taxa de desarmamentista e sustenta que ele n\u00e3o tem afinidade com o tom conservador do presidente. O pr\u00f3prio Bolsonaro estaria convencido a n\u00e3o indic\u00e1-lo, t\u00e3o pouco os outros nomes da lista. A atual procuradora-geral da Rep\u00fablica, Raquel Dodge, tamb\u00e9m n\u00e3o \u00e9 cotada.<\/p>\n","protected":false},"excerpt":{"rendered":"<p>RODOLFO COSTA O subprocurador-geral da Rep\u00fablica Augusto Aras \u00e9 o nome mais cotado para ser indicado como o pr\u00f3ximo procurador-geral da Rep\u00fablica, admitem ao Blog pessoas pr\u00f3ximas do presidente Jair Bolsonaro. Mas um movimento iniciado nas redes sociais pela camada mais ideol\u00f3gica dos eleitores do capit\u00e3o reformado pode colocar em xeque a indica\u00e7\u00e3o: o #ArasnaPGRn\u00e3o. [&hellip;]<\/p>\n","protected":false},"author":22,"featured_media":0,"comment_status":"open","ping_status":"closed","sticky":false,"template":"","format":"standard","meta":{"footnotes":""},"categories":[600],"tags":[4063,2554,191],"class_list":["post-11561","post","type-post","status-publish","format-standard","hentry","category-economia","tag-aras","tag-bolsonaro","tag-pgr"],"_links":{"self":[{"href":"https:\/\/blogs.correiobraziliense.com.br\/vicente\/wp-json\/wp\/v2\/posts\/11561","targetHints":{"allow":["GET"]}}],"collection":[{"href":"https:\/\/blogs.correiobraziliense.com.br\/vicente\/wp-json\/wp\/v2\/posts"}],"about":[{"href":"https:\/\/blogs.correiobraziliense.com.br\/vicente\/wp-json\/wp\/v2\/types\/post"}],"author":[{"embeddable":true,"href":"https:\/\/blogs.correiobraziliense.com.br\/vicente\/wp-json\/wp\/v2\/users\/22"}],"replies":[{"embeddable":true,"href":"https:\/\/blogs.correiobraziliense.com.br\/vicente\/wp-json\/wp\/v2\/comments?post=11561"}],"version-history":[{"count":6,"href":"https:\/\/blogs.correiobraziliense.com.br\/vicente\/wp-json\/wp\/v2\/posts\/11561\/revisions"}],"predecessor-version":[{"id":11567,"href":"https:\/\/blogs.correiobraziliense.com.br\/vicente\/wp-json\/wp\/v2\/posts\/11561\/revisions\/11567"}],"wp:attachment":[{"href":"https:\/\/blogs.correiobraziliense.com.br\/vicente\/wp-json\/wp\/v2\/media?parent=11561"}],"wp:term":[{"taxonomy":"category","embeddable":true,"href":"https:\/\/blogs.correiobraziliense.com.br\/vicente\/wp-json\/wp\/v2\/categories?post=11561"},{"taxonomy":"post_tag","embeddable":true,"href":"https:\/\/blogs.correiobraziliense.com.br\/vicente\/wp-json\/wp\/v2\/tags?post=11561"}],"curies":[{"name":"wp","href":"https:\/\/api.w.org\/{rel}","templated":true}]}}