{"id":11544,"date":"2019-08-06T17:35:04","date_gmt":"2019-08-06T20:35:04","guid":{"rendered":"https:\/\/blogs.correiobraziliense.com.br\/vicente\/?p=11544"},"modified":"2019-08-06T17:35:04","modified_gmt":"2019-08-06T20:35:04","slug":"volume-de-vendas-deve-subir-21-no-dia-dos-pais-diz-cnc","status":"publish","type":"post","link":"https:\/\/blogs.correiobraziliense.com.br\/vicente\/volume-de-vendas-deve-subir-21-no-dia-dos-pais-diz-cnc\/","title":{"rendered":"Volume de vendas deve subir 2,1% no Dia dos Pais, diz CNC"},"content":{"rendered":"<h2>BEATRIZ ROSCOE<\/h2>\n<h2><\/h2>\n<h2>O dia dos pais \u00e9 uma data comemorativa que impulsiona a economia e o com\u00e9rcio brasileiro. Neste ano, a estimativa \u00e9 que o volume de vendas do com\u00e9rcio varejista registre alta de 2,1%, j\u00e1 descontada a infla\u00e7\u00e3o.<\/h2>\n<h2><\/h2>\n<p>A expectativa \u00e9 da Confedera\u00e7\u00e3o Nacional do Com\u00e9rcio de Bens, Servi\u00e7os e Turismo (CNC). Ser\u00e1 o terceiro ano consecutivo em que as vendas crescer\u00e3o. Ainda assim, mesmo levando-se em conta o desempenho dos \u00faltimos dois anos (com alta de 3,6% em 2017 e de 4,1% no ano passado), o setor ainda n\u00e3o conseguiu retomar o ritmo de vendas apresentado antes da recess\u00e3o, quando acumulou uma perda de 11,7%.<\/p>\n<p>&nbsp;<\/p>\n<p>A data deve movimentar R$ 5,6 bilh\u00f5es, o correspondente a 4,5% de todo o faturamento esperado pelo setor no m\u00eas de agosto. De acordo com levantamento realizado pela Confedera\u00e7\u00e3o Nacional de Dirigentes Lojistas (CNDL) e pelo Servi\u00e7o de Prote\u00e7\u00e3o ao Cr\u00e9dito (SPC Brasil) nas 27 capitais brasileiras, 67% dos consumidores pretendem ir \u00e0s compras por conta do Dia dos Pais. A taxa representa um aumento de seis pontos percentuais em rela\u00e7\u00e3o a 2018. Na pr\u00e1tica, isso significa que aproximadamente 105 milh\u00f5es de pessoas devem comprar presentes para entregar aos pais.<\/p>\n<p>&nbsp;<\/p>\n<p>O valor que os entrevistados pretendem gastar com os presentes tamb\u00e9m subiu: em m\u00e9dia, pretende-se gastar R$ 189,98, R$41 a mais do que em 2018. Ainda que a trajet\u00f3ria recente da infla\u00e7\u00e3o venha se mantendo em patamares abaixo da meta, mais da metade (53%) dos entrevistados julga que os presentes est\u00e3o mais caros do que no ano anterior.<\/p>\n<p>&nbsp;<\/p>\n<p>Por\u00e9m, 20% dos entrevistados costumam gastar mais do que podem com os presentes de Dia dos Pais e 8% pretendem deixar de pagar alguma conta para realizar a compra, sobretudo entre as classes C, D e E. Al\u00e9m disso, 3 em cada 10 brasileiros que pretendem presentear os pais est\u00e3o atualmente com contas atrasadas, e 68% deles est\u00e3o com o nome sujo.<\/p>\n<p>&nbsp;<\/p>\n<p><em>Bras\u00edlia, 17h33min<\/em><\/p>\n","protected":false},"excerpt":{"rendered":"<p>BEATRIZ ROSCOE O dia dos pais \u00e9 uma data comemorativa que impulsiona a economia e o com\u00e9rcio brasileiro. Neste ano, a estimativa \u00e9 que o volume de vendas do com\u00e9rcio varejista registre alta de 2,1%, j\u00e1 descontada a infla\u00e7\u00e3o. A expectativa \u00e9 da Confedera\u00e7\u00e3o Nacional do Com\u00e9rcio de Bens, Servi\u00e7os e Turismo (CNC). Ser\u00e1 o [&hellip;]<\/p>\n","protected":false},"author":22,"featured_media":11548,"comment_status":"open","ping_status":"closed","sticky":false,"template":"","format":"standard","meta":{"footnotes":""},"categories":[600],"tags":[334,854,1342,3929],"class_list":["post-11544","post","type-post","status-publish","format-standard","has-post-thumbnail","hentry","category-economia","tag-comercio","tag-dia-dos-pais","tag-varejo","tag-vendas"],"_links":{"self":[{"href":"https:\/\/blogs.correiobraziliense.com.br\/vicente\/wp-json\/wp\/v2\/posts\/11544","targetHints":{"allow":["GET"]}}],"collection":[{"href":"https:\/\/blogs.correiobraziliense.com.br\/vicente\/wp-json\/wp\/v2\/posts"}],"about":[{"href":"https:\/\/blogs.correiobraziliense.com.br\/vicente\/wp-json\/wp\/v2\/types\/post"}],"author":[{"embeddable":true,"href":"https:\/\/blogs.correiobraziliense.com.br\/vicente\/wp-json\/wp\/v2\/users\/22"}],"replies":[{"embeddable":true,"href":"https:\/\/blogs.correiobraziliense.com.br\/vicente\/wp-json\/wp\/v2\/comments?post=11544"}],"version-history":[{"count":1,"href":"https:\/\/blogs.correiobraziliense.com.br\/vicente\/wp-json\/wp\/v2\/posts\/11544\/revisions"}],"predecessor-version":[{"id":11549,"href":"https:\/\/blogs.correiobraziliense.com.br\/vicente\/wp-json\/wp\/v2\/posts\/11544\/revisions\/11549"}],"wp:featuredmedia":[{"embeddable":true,"href":"https:\/\/blogs.correiobraziliense.com.br\/vicente\/wp-json\/wp\/v2\/media\/11548"}],"wp:attachment":[{"href":"https:\/\/blogs.correiobraziliense.com.br\/vicente\/wp-json\/wp\/v2\/media?parent=11544"}],"wp:term":[{"taxonomy":"category","embeddable":true,"href":"https:\/\/blogs.correiobraziliense.com.br\/vicente\/wp-json\/wp\/v2\/categories?post=11544"},{"taxonomy":"post_tag","embeddable":true,"href":"https:\/\/blogs.correiobraziliense.com.br\/vicente\/wp-json\/wp\/v2\/tags?post=11544"}],"curies":[{"name":"wp","href":"https:\/\/api.w.org\/{rel}","templated":true}]}}