{"id":11543,"date":"2019-08-06T17:12:02","date_gmt":"2019-08-06T20:12:02","guid":{"rendered":"https:\/\/blogs.correiobraziliense.com.br\/vicente\/?p=11543"},"modified":"2019-08-06T17:14:09","modified_gmt":"2019-08-06T20:14:09","slug":"lideres-batem-o-martelo-e-definem-hoje-votacao-da-reforma-da-previdencia-sem-mudancas","status":"publish","type":"post","link":"https:\/\/blogs.correiobraziliense.com.br\/vicente\/lideres-batem-o-martelo-e-definem-hoje-votacao-da-reforma-da-previdencia-sem-mudancas\/","title":{"rendered":"L\u00edderes batem o martelo e definem para hoje vota\u00e7\u00e3o da reforma da Previd\u00eancia"},"content":{"rendered":"<p>RODOLFO COSTA<\/p>\n<p>A C\u00e2mara est\u00e1 pronta para votar, em segundo turno, a reforma da Previd\u00eancia. L\u00edderes partid\u00e1rios se reuniram com suas bancadas no final da tarde desta ter\u00e7a-feira (6\/8) para encaminhar o voto e articular o qu\u00f3rum para a apresenta\u00e7\u00e3o do requerimento de quebra de interst\u00edcio das duas sess\u00f5es restantes para votar a Proposta de Emenda \u00e0 Constitui\u00e7\u00e3o (PEC) 6\/2019.<\/p>\n<p>&nbsp;<\/p>\n<p>O martelo foi batido para n\u00e3o mudar nada no texto e votar a reforma ainda hoje. &#8220;Nem que a gente saia daqui 6h, a orienta\u00e7\u00e3o \u00e9 para votarmos hoje&#8221;, afirmou ao Blog o deputado Luis Miranda (DEM-DF). A vota\u00e7\u00e3o ficou pacificada depois que o secret\u00e1rio especial de Previd\u00eancia e Trabalho do Minist\u00e9rio da Economia, Rog\u00e9rio Marinho, assinou portaria que define crit\u00e9rios de defini\u00e7\u00e3o de renda formal para efeito do pagamento de pens\u00e3o por morte no regime geral da Previd\u00eancia Social (RGPS).<\/p>\n<p>&nbsp;<\/p>\n<p>A portaria estabelece, ainda, que nenhum segurado ter\u00e1 renda inferior a um sal\u00e1rio m\u00ednimo. O instrumento, na pr\u00e1tica, regulamenta a pens\u00e3o por morte, e, politicamente, possibilita a constru\u00e7\u00e3o de qu\u00f3rum para a vota\u00e7\u00e3o, ainda que a oposi\u00e7\u00e3o esteja comprometida a marcar posi\u00e7\u00e3o contr\u00e1ria ao texto. &#8220;N\u00e3o vai mudar nada no texto. O problema da pens\u00e3o por morte foi pacificado com a portaria&#8221;, explicou Miranda.<\/p>\n","protected":false},"excerpt":{"rendered":"<p>RODOLFO COSTA A C\u00e2mara est\u00e1 pronta para votar, em segundo turno, a reforma da Previd\u00eancia. L\u00edderes partid\u00e1rios se reuniram com suas bancadas no final da tarde desta ter\u00e7a-feira (6\/8) para encaminhar o voto e articular o qu\u00f3rum para a apresenta\u00e7\u00e3o do requerimento de quebra de interst\u00edcio das duas sess\u00f5es restantes para votar a Proposta de [&hellip;]<\/p>\n","protected":false},"author":22,"featured_media":11296,"comment_status":"open","ping_status":"closed","sticky":false,"template":"","format":"standard","meta":{"footnotes":""},"categories":[600],"tags":[3664,3877,958,3678,429,614],"class_list":["post-11543","post","type-post","status-publish","format-standard","has-post-thumbnail","hentry","category-economia","tag-rogerio-marinho","tag-luis-miranda","tag-morte","tag-pensao","tag-previdencia","tag-reforma"],"_links":{"self":[{"href":"https:\/\/blogs.correiobraziliense.com.br\/vicente\/wp-json\/wp\/v2\/posts\/11543","targetHints":{"allow":["GET"]}}],"collection":[{"href":"https:\/\/blogs.correiobraziliense.com.br\/vicente\/wp-json\/wp\/v2\/posts"}],"about":[{"href":"https:\/\/blogs.correiobraziliense.com.br\/vicente\/wp-json\/wp\/v2\/types\/post"}],"author":[{"embeddable":true,"href":"https:\/\/blogs.correiobraziliense.com.br\/vicente\/wp-json\/wp\/v2\/users\/22"}],"replies":[{"embeddable":true,"href":"https:\/\/blogs.correiobraziliense.com.br\/vicente\/wp-json\/wp\/v2\/comments?post=11543"}],"version-history":[{"count":3,"href":"https:\/\/blogs.correiobraziliense.com.br\/vicente\/wp-json\/wp\/v2\/posts\/11543\/revisions"}],"predecessor-version":[{"id":11547,"href":"https:\/\/blogs.correiobraziliense.com.br\/vicente\/wp-json\/wp\/v2\/posts\/11543\/revisions\/11547"}],"wp:featuredmedia":[{"embeddable":true,"href":"https:\/\/blogs.correiobraziliense.com.br\/vicente\/wp-json\/wp\/v2\/media\/11296"}],"wp:attachment":[{"href":"https:\/\/blogs.correiobraziliense.com.br\/vicente\/wp-json\/wp\/v2\/media?parent=11543"}],"wp:term":[{"taxonomy":"category","embeddable":true,"href":"https:\/\/blogs.correiobraziliense.com.br\/vicente\/wp-json\/wp\/v2\/categories?post=11543"},{"taxonomy":"post_tag","embeddable":true,"href":"https:\/\/blogs.correiobraziliense.com.br\/vicente\/wp-json\/wp\/v2\/tags?post=11543"}],"curies":[{"name":"wp","href":"https:\/\/api.w.org\/{rel}","templated":true}]}}