{"id":1154,"date":"2016-05-31T12:26:59","date_gmt":"2016-05-31T15:26:59","guid":{"rendered":"https:\/\/blogs.correiobraziliense.com.br\/vicente\/?p=1154"},"modified":"2016-05-31T12:56:36","modified_gmt":"2016-05-31T15:56:36","slug":"sabatina-de-ilan-goldfajn-para-o-bc-sera-na-proxima-terca-feira","status":"publish","type":"post","link":"https:\/\/blogs.correiobraziliense.com.br\/vicente\/sabatina-de-ilan-goldfajn-para-o-bc-sera-na-proxima-terca-feira\/","title":{"rendered":"Sabatina de Ilan Goldfajn para o BC ser\u00e1 na pr\u00f3xima ter\u00e7a-feira"},"content":{"rendered":"<p>POR ANTONIO TEM\u00d3TEO<\/p>\n<p>Ap\u00f3s uma sess\u00e3o tumultuada, a presidente da Comiss\u00e3o de Assuntos Econ\u00f4micos (CAE) do Senado Federal, Gleisi Hoffmann (PT-PR), marcou para a pr\u00f3xima ter\u00e7a-feira (7\/6) a sabatina do economista Ilan Goldfajn, indicado pelo governo Michel Temer para presidir o Banco Central (BC).<\/p>\n<p>&nbsp;<\/p>\n<p>Gleisi ignorou um apelo do atual comandante da autoridade monet\u00e1ria, Alexandre Tombini, que sinalizou desconforto em comandar a pr\u00f3xima reuni\u00e3o do Comit\u00ea de Pol\u00edtica Monet\u00e1ria (Copom), marcada para 7 e 8 de junho.<\/p>\n<p>&nbsp;<\/p>\n<p>Para acabar com qualquer questionamento da oposi\u00e7\u00e3o Goldfajn vendeu todas as suas a\u00e7\u00f5es do Ita\u00fa Unibanco at\u00e9 o fim do dia de hoje. Sua participa\u00e7\u00e3o no banco era inferior a 5%. Entretanto, a decis\u00e3o do indicado n\u00e3o sensibilizou os senadores que se posicionaram de maneira contr\u00e1ria \u00e0 sabatina dele amanh\u00e3.<\/p>\n","protected":false},"excerpt":{"rendered":"<p>POR ANTONIO TEM\u00d3TEO Ap\u00f3s uma sess\u00e3o tumultuada, a presidente da Comiss\u00e3o de Assuntos Econ\u00f4micos (CAE) do Senado Federal, Gleisi Hoffmann (PT-PR), marcou para a pr\u00f3xima ter\u00e7a-feira (7\/6) a sabatina do economista Ilan Goldfajn, indicado pelo governo Michel Temer para presidir o Banco Central (BC). &nbsp; Gleisi ignorou um apelo do atual comandante da autoridade monet\u00e1ria, [&hellip;]<\/p>\n","protected":false},"author":22,"featured_media":0,"comment_status":"open","ping_status":"closed","sticky":false,"template":"","format":"standard","meta":{"footnotes":""},"categories":[1],"tags":[106,108,107],"class_list":["post-1154","post","type-post","status-publish","format-standard","hentry","category-sem-categoria","tag-bc","tag-cae","tag-ilan-goldfajn"],"_links":{"self":[{"href":"https:\/\/blogs.correiobraziliense.com.br\/vicente\/wp-json\/wp\/v2\/posts\/1154","targetHints":{"allow":["GET"]}}],"collection":[{"href":"https:\/\/blogs.correiobraziliense.com.br\/vicente\/wp-json\/wp\/v2\/posts"}],"about":[{"href":"https:\/\/blogs.correiobraziliense.com.br\/vicente\/wp-json\/wp\/v2\/types\/post"}],"author":[{"embeddable":true,"href":"https:\/\/blogs.correiobraziliense.com.br\/vicente\/wp-json\/wp\/v2\/users\/22"}],"replies":[{"embeddable":true,"href":"https:\/\/blogs.correiobraziliense.com.br\/vicente\/wp-json\/wp\/v2\/comments?post=1154"}],"version-history":[{"count":4,"href":"https:\/\/blogs.correiobraziliense.com.br\/vicente\/wp-json\/wp\/v2\/posts\/1154\/revisions"}],"predecessor-version":[{"id":1160,"href":"https:\/\/blogs.correiobraziliense.com.br\/vicente\/wp-json\/wp\/v2\/posts\/1154\/revisions\/1160"}],"wp:attachment":[{"href":"https:\/\/blogs.correiobraziliense.com.br\/vicente\/wp-json\/wp\/v2\/media?parent=1154"}],"wp:term":[{"taxonomy":"category","embeddable":true,"href":"https:\/\/blogs.correiobraziliense.com.br\/vicente\/wp-json\/wp\/v2\/categories?post=1154"},{"taxonomy":"post_tag","embeddable":true,"href":"https:\/\/blogs.correiobraziliense.com.br\/vicente\/wp-json\/wp\/v2\/tags?post=1154"}],"curies":[{"name":"wp","href":"https:\/\/api.w.org\/{rel}","templated":true}]}}