{"id":11519,"date":"2019-08-02T13:26:26","date_gmt":"2019-08-02T16:26:26","guid":{"rendered":"https:\/\/blogs.correiobraziliense.com.br\/vicente\/?p=11519"},"modified":"2019-08-02T13:26:26","modified_gmt":"2019-08-02T16:26:26","slug":"moodys-selic-menor-deve-alavancar-credito-privado","status":"publish","type":"post","link":"https:\/\/blogs.correiobraziliense.com.br\/vicente\/moodys-selic-menor-deve-alavancar-credito-privado\/","title":{"rendered":"Moody&#8217;s: Selic menor deve alavancar cr\u00e9dito privado"},"content":{"rendered":"<h2>ROSANA HESSEL<\/h2>\n<h2><\/h2>\n<h2><span style=\"font-weight: 400\">A ag\u00eancia de classifica\u00e7\u00e3o de risco norte-americana Moody\u2019s avaliou que o corte da taxa b\u00e1sica da economia, Selic para o menor patamar desde a implementa\u00e7\u00e3o do Plano Real, dever\u00e1 ajudar melhora da oferta de cr\u00e9dito privado para empresas n\u00e3o financeiras, al\u00e9m de ampliar o setor de deb\u00eantures, quando as companhias se financiam por meio da emiss\u00e3o de t\u00edtulos.<\/span><\/h2>\n<h2><\/h2>\n<p><span style=\"font-weight: 400\">\u201c<\/span><span style=\"font-weight: 400\">Setores sens\u00edveis \u00e0 taxa de juros, incluindo servi\u00e7os p\u00fablicos e empresas de desenvolvimento e de projetos em infraestrutura, devem se beneficiar da taxa Selic mais baixa, porque isso ajudar\u00e1 a facilitar o refinanciamento\u201d, informou a ag\u00eancia por meio de um relat\u00f3rio divulgado nesta sexta-feira (02\/07), considerando o corte na Selic como positivo para a economia brasileira. A entidade destacou que a capacidade de desalavancagem das entidades nesses setores ainda depender\u00e1 do crescimento da receita, que depender\u00e1 do desemprenho econ\u00f4mico, principalmente.<\/span><\/p>\n<p>&nbsp;<\/p>\n<p><span style=\"font-weight: 400\">A ag\u00eancia tamb\u00e9m aposta em um crescimento do mercado acion\u00e1rio e de deb\u00eantures<\/span><span style=\"font-weight: 400\">. \u201cA expans\u00e3o cont\u00ednua do mercado de capitais, impulsionada pela menor taxa Selic, permitir\u00e1 que empresas n\u00e3o financeiras uma ampla gama de setores para obter financiamento sem intermedia\u00e7\u00e3o banc\u00e1ria, o que amplia suas op\u00e7\u00f5es de financiamento e reduz as despesas com juros. Impulsionada em parte pela queda da taxa Selic, a emiss\u00e3o de deb\u00eantures no mercado local continua em alta\u201d, afirmou.\u00a0<\/span><\/p>\n<p>&nbsp;<\/p>\n<p><span style=\"font-weight: 400\">Para os analistas da Moody\u2019s, \u201c<\/span><span style=\"font-weight: 400\">uma queda sustentada das taxas de juros ter\u00e1 um impacto positivo sobre a din\u00e2mica da d\u00edvida, pois reduzir\u00e1 a magnitude da consolida\u00e7\u00e3o fiscal necess\u00e1ria para estabilizar a carga da d\u00edvida\u201d. A entidade aposta que a Selic dever\u00e1 cair\u00e1 para 5,5%, neste ano, \u201cestendendo o ciclo de baixa taxa at\u00e9 pelo menos o final de 2020\u201d.<\/span><\/p>\n<p>&nbsp;<\/p>\n<p>Na \u00faltima quarta-feira (31\/07), o Comit\u00ea de Pol\u00edtica Monet\u00e1ria (Copom) reduziu a Selic em 0,50 ponto percentual, para 6% ao ano, o menor patamar da hist\u00f3ria e sinalizou que dever\u00e1 realizar novos cortes. Analistas do mercado apostam que a taxa de juros b\u00e1sico poder\u00e1 encerrar o ano em 5%.<\/p>\n<p>&nbsp;<\/p>\n<p><b>Cr\u00e9dito p\u00fablico diminui<\/b><\/p>\n<p>&nbsp;<\/p>\n<p><span style=\"font-weight: 400\">Um levantamento feito pela Minist\u00e9rio da Economia junto aos dados do Banco Central mostra que o volume de cr\u00e9dito p\u00fablico foi ultrapassado pelo setor privado pela primeira vez desde 2013, comprovando essa mudan\u00e7a do perfil desse mercado. Em junho, o volume de opera\u00e7\u00f5es de cr\u00e9dito das institui\u00e7\u00f5es privadas somaram R$ 1,667 trilh\u00e3o, enquanto o das p\u00fablicas chegou a R$ 1,629 trilh\u00e3o.<\/span><\/p>\n<p>&nbsp;<\/p>\n<p><span style=\"font-weight: 400\">\u201cO setor p\u00fablico vem reduzindo a sua participa\u00e7\u00e3o no mercado de cr\u00e9dito, com a redu\u00e7\u00e3o do volume de empr\u00e9stimos do BNDES (Banco Nacional de Desenvolvimento Econ\u00f4mico e Social), que foram alavancados entre 2013 e 2015\u201d, destacou o secret\u00e1rio especial da Fazenda, Waldery Rodrigues. Em 2013, o cr\u00e9dito privado ultrapassou o p\u00fablico, somando R$ 1,272 trilh\u00e3o contra R$ 1,259 trilh\u00e3o, mas acabou sendo suplantado nos meses seguintes como mostra o gr\u00e1fico abaixo.\u00a0 &#8220;<\/span><span style=\"font-weight: 400\">Isso \u00e9 uma excelente not\u00edcia para o pa\u00eds, porque estamos vivendo um deficit fiscal consider\u00e1vel e precisamos do setor privado fornecendo cr\u00e9dito. E estamos exatamente com essa possibilidade de reverter isso agora\u201d, completou.<\/span><\/p>\n<p>&nbsp;<\/p>\n<p>&nbsp;<\/p>\n<p>&nbsp;<\/p>\n<p><a href=\"https:\/\/blogs.correiobraziliense.com.br\/vicente\/wp-content\/uploads\/sites\/16\/2019\/08\/WhatsApp-Image-2019-07-29-at-16.38.58.jpeg\"><img loading=\"lazy\" decoding=\"async\" class=\"alignnone size-full wp-image-11518\" src=\"https:\/\/blogs.correiobraziliense.com.br\/vicente\/wp-content\/uploads\/sites\/16\/2019\/08\/WhatsApp-Image-2019-07-29-at-16.38.58.jpeg\" alt=\"\" width=\"624\" height=\"368\" srcset=\"https:\/\/blogs.correiobraziliense.com.br\/vicente\/wp-content\/uploads\/sites\/16\/2019\/08\/WhatsApp-Image-2019-07-29-at-16.38.58.jpeg 624w, https:\/\/blogs.correiobraziliense.com.br\/vicente\/wp-content\/uploads\/sites\/16\/2019\/08\/WhatsApp-Image-2019-07-29-at-16.38.58-300x177.jpeg 300w, https:\/\/blogs.correiobraziliense.com.br\/vicente\/wp-content\/uploads\/sites\/16\/2019\/08\/WhatsApp-Image-2019-07-29-at-16.38.58-350x206.jpeg 350w, https:\/\/blogs.correiobraziliense.com.br\/vicente\/wp-content\/uploads\/sites\/16\/2019\/08\/WhatsApp-Image-2019-07-29-at-16.38.58-550x324.jpeg 550w, https:\/\/blogs.correiobraziliense.com.br\/vicente\/wp-content\/uploads\/sites\/16\/2019\/08\/WhatsApp-Image-2019-07-29-at-16.38.58-230x136.jpeg 230w\" sizes=\"auto, (max-width: 624px) 100vw, 624px\" \/><\/a><\/p>\n<p>&nbsp;<\/p>\n<p>&nbsp;<\/p>\n<p>&nbsp;<\/p>\n<p>&nbsp;<\/p>\n<p>&nbsp;<\/p>\n<p>&nbsp;<\/p>\n<p>&nbsp;<\/p>\n<p>&nbsp;<\/p>\n","protected":false},"excerpt":{"rendered":"<p>ROSANA HESSEL A ag\u00eancia de classifica\u00e7\u00e3o de risco norte-americana Moody\u2019s avaliou que o corte da taxa b\u00e1sica da economia, Selic para o menor patamar desde a implementa\u00e7\u00e3o do Plano Real, dever\u00e1 ajudar melhora da oferta de cr\u00e9dito privado para empresas n\u00e3o financeiras, al\u00e9m de ampliar o setor de deb\u00eantures, quando as companhias se financiam por [&hellip;]<\/p>\n","protected":false},"author":22,"featured_media":0,"comment_status":"open","ping_status":"closed","sticky":false,"template":"","format":"standard","meta":{"footnotes":""},"categories":[600],"tags":[103,589,4,69,34],"class_list":["post-11519","post","type-post","status-publish","format-standard","hentry","category-economia","tag-credito","tag-economia","tag-juros","tag-moodys","tag-selic"],"_links":{"self":[{"href":"https:\/\/blogs.correiobraziliense.com.br\/vicente\/wp-json\/wp\/v2\/posts\/11519","targetHints":{"allow":["GET"]}}],"collection":[{"href":"https:\/\/blogs.correiobraziliense.com.br\/vicente\/wp-json\/wp\/v2\/posts"}],"about":[{"href":"https:\/\/blogs.correiobraziliense.com.br\/vicente\/wp-json\/wp\/v2\/types\/post"}],"author":[{"embeddable":true,"href":"https:\/\/blogs.correiobraziliense.com.br\/vicente\/wp-json\/wp\/v2\/users\/22"}],"replies":[{"embeddable":true,"href":"https:\/\/blogs.correiobraziliense.com.br\/vicente\/wp-json\/wp\/v2\/comments?post=11519"}],"version-history":[{"count":1,"href":"https:\/\/blogs.correiobraziliense.com.br\/vicente\/wp-json\/wp\/v2\/posts\/11519\/revisions"}],"predecessor-version":[{"id":11520,"href":"https:\/\/blogs.correiobraziliense.com.br\/vicente\/wp-json\/wp\/v2\/posts\/11519\/revisions\/11520"}],"wp:attachment":[{"href":"https:\/\/blogs.correiobraziliense.com.br\/vicente\/wp-json\/wp\/v2\/media?parent=11519"}],"wp:term":[{"taxonomy":"category","embeddable":true,"href":"https:\/\/blogs.correiobraziliense.com.br\/vicente\/wp-json\/wp\/v2\/categories?post=11519"},{"taxonomy":"post_tag","embeddable":true,"href":"https:\/\/blogs.correiobraziliense.com.br\/vicente\/wp-json\/wp\/v2\/tags?post=11519"}],"curies":[{"name":"wp","href":"https:\/\/api.w.org\/{rel}","templated":true}]}}