{"id":11506,"date":"2019-08-01T16:21:56","date_gmt":"2019-08-01T19:21:56","guid":{"rendered":"https:\/\/blogs.correiobraziliense.com.br\/vicente\/?p=11506"},"modified":"2019-08-01T16:21:56","modified_gmt":"2019-08-01T19:21:56","slug":"procura-por-planos-de-previdencia-privada-chega-a-aumentar-37-no-df","status":"publish","type":"post","link":"https:\/\/blogs.correiobraziliense.com.br\/vicente\/procura-por-planos-de-previdencia-privada-chega-a-aumentar-37-no-df\/","title":{"rendered":"Procura por planos de previd\u00eancia privada chega a aumentar 37% no DF"},"content":{"rendered":"<h2>HAMILTON FERRARI<\/h2>\n<h2><\/h2>\n<h2>A procura por planos de previd\u00eancia privada come\u00e7am a aumentar com o avan\u00e7o da reforma da Previd\u00eancia das discuss\u00f5es. O debate intenso no primeiro semestre do ano e a aprova\u00e7\u00e3o na proposta no primeiro turno da C\u00e2mara dos Deputados j\u00e1 movimentaram o mercado.<\/h2>\n<h2><\/h2>\n<p>A seguradora Mongeral Aegon, por exemplo, verificou que a procura aumentou 37% nos seis primeiros meses do ano no Distrito Federal, em compara\u00e7\u00e3o com o mesmo per\u00edodo de 2018. O diagn\u00f3stico da empresa \u00e9 de que h\u00e1 uma maior preocupa\u00e7\u00e3o dos brasileiros com o futuro.<\/p>\n<p>&nbsp;<\/p>\n<p>Para o superintendente regional da Mongeral Aegon, Rodrigo Moscoso, as pessoas despertaram sobre a import\u00e2ncia de tomar as r\u00e9deas pelo pr\u00f3prio planejamento financeiro.<\/p>\n<p>&nbsp;<\/p>\n<p>&#8220;Este aumento de demanda mostra um claro movimento das pessoas em buscar alternativas para garantir a renda na hora da aposentadoria, como por meio de planos privados de previd\u00eancia\u201d, explicou.<\/p>\n<p>&nbsp;<\/p>\n<p><em>Bras\u00edlia, 16h20min<\/em><\/p>\n","protected":false},"excerpt":{"rendered":"<p>HAMILTON FERRARI A procura por planos de previd\u00eancia privada come\u00e7am a aumentar com o avan\u00e7o da reforma da Previd\u00eancia das discuss\u00f5es. O debate intenso no primeiro semestre do ano e a aprova\u00e7\u00e3o na proposta no primeiro turno da C\u00e2mara dos Deputados j\u00e1 movimentaram o mercado. A seguradora Mongeral Aegon, por exemplo, verificou que a procura [&hellip;]<\/p>\n","protected":false},"author":22,"featured_media":0,"comment_status":"open","ping_status":"closed","sticky":false,"template":"","format":"standard","meta":{"footnotes":""},"categories":[600],"tags":[1532,4046,2606,429,3721,3320],"class_list":["post-11506","post","type-post","status-publish","format-standard","hentry","category-economia","tag-df","tag-mongeral-aegon","tag-planos","tag-previdencia","tag-procura","tag-seguro"],"_links":{"self":[{"href":"https:\/\/blogs.correiobraziliense.com.br\/vicente\/wp-json\/wp\/v2\/posts\/11506","targetHints":{"allow":["GET"]}}],"collection":[{"href":"https:\/\/blogs.correiobraziliense.com.br\/vicente\/wp-json\/wp\/v2\/posts"}],"about":[{"href":"https:\/\/blogs.correiobraziliense.com.br\/vicente\/wp-json\/wp\/v2\/types\/post"}],"author":[{"embeddable":true,"href":"https:\/\/blogs.correiobraziliense.com.br\/vicente\/wp-json\/wp\/v2\/users\/22"}],"replies":[{"embeddable":true,"href":"https:\/\/blogs.correiobraziliense.com.br\/vicente\/wp-json\/wp\/v2\/comments?post=11506"}],"version-history":[{"count":1,"href":"https:\/\/blogs.correiobraziliense.com.br\/vicente\/wp-json\/wp\/v2\/posts\/11506\/revisions"}],"predecessor-version":[{"id":11507,"href":"https:\/\/blogs.correiobraziliense.com.br\/vicente\/wp-json\/wp\/v2\/posts\/11506\/revisions\/11507"}],"wp:attachment":[{"href":"https:\/\/blogs.correiobraziliense.com.br\/vicente\/wp-json\/wp\/v2\/media?parent=11506"}],"wp:term":[{"taxonomy":"category","embeddable":true,"href":"https:\/\/blogs.correiobraziliense.com.br\/vicente\/wp-json\/wp\/v2\/categories?post=11506"},{"taxonomy":"post_tag","embeddable":true,"href":"https:\/\/blogs.correiobraziliense.com.br\/vicente\/wp-json\/wp\/v2\/tags?post=11506"}],"curies":[{"name":"wp","href":"https:\/\/api.w.org\/{rel}","templated":true}]}}