{"id":11489,"date":"2019-07-31T15:46:19","date_gmt":"2019-07-31T18:46:19","guid":{"rendered":"https:\/\/blogs.correiobraziliense.com.br\/vicente\/?p=11489"},"modified":"2019-07-31T18:25:01","modified_gmt":"2019-07-31T21:25:01","slug":"fed-reduz-juros-pela-primeira-vez-desde-2008-e-abre-porta-para-corte-na-selic","status":"publish","type":"post","link":"https:\/\/blogs.correiobraziliense.com.br\/vicente\/fed-reduz-juros-pela-primeira-vez-desde-2008-e-abre-porta-para-corte-na-selic\/","title":{"rendered":"Fed reduz juros pela primeira vez desde 2008 e abre porta para corte na Selic"},"content":{"rendered":"<h2><span style=\"font-weight: 400\">ROSANA HESSEL<\/span><\/h2>\n<h2><\/h2>\n<h2><span style=\"font-weight: 400\">Em dia de reuni\u00e3o do Comit\u00ea de Pol\u00edtica Monet\u00e1ria (Copom), o Fomc, o Copom do Federal Reserve (Fed, o banco central dos Estados Unidos), reduziu os juros em 0,25 ponto percentual nesta quarta-feira (31\/07), passando dos atuais 2,5% ao ano, para 2,25% anuais. Este \u00e9\u00a0o primeiro corte na taxa b\u00e1sica feita pelo Fed nos \u00faltimos 11 ano, abrindo a porteira para que o Copom tamb\u00e9m reduza a taxa b\u00e1sica de juros (Selic), que est\u00e1 em 6,5% desde mar\u00e7o de 2018.\u00a0<\/span><span style=\"font-weight: 400\">O resultado da decis\u00e3o, no entanto, n\u00e3o foi un\u00e2nime. Dois dos 10 diretores da institui\u00e7\u00e3o votaram contra a diminui\u00e7\u00e3o dos juros: Esther George, do Fed de Kansas (<\/span><span style=\"font-weight: 400\">Missouri), e Eric Rosengreen, do Fed de Boston (Massachusetts).<\/span><\/h2>\n<p>&nbsp;<\/p>\n<p><span style=\"font-weight: 400\">O comunicado do Fed destacou &#8220;press\u00f5es inflacion\u00e1rias moderadas&#8221; como um dos motivos da decis]ao. Havia um consenso de que o corte do Fed seria nesse patamar, mas a sinaliza\u00e7\u00e3o mais comedida do BC norte-americano, pode ser acompanhada pelo Copom.\u00a0 Com isso, poder\u00e1 fazer um corte menor do que o esperado na Selic hoje, que est\u00e1 no mais baixo patamar da hist\u00f3ria.\u00a0 Assim como o Fomc, o Copom pode acabar ficando menos &#8220;dovish&#8221; (termo usado pelos economistas para a pol\u00edtica monet\u00e1ria mais expansionista) mais leniente com a infla\u00e7\u00e3o e mais preocupada com a atividade econ\u00f4mica) do que as previs\u00f5es dos analistas.\u00a0 <\/span><\/p>\n<p>&nbsp;<\/p>\n<p><span style=\"font-weight: 400\">&#8220;<\/span><span style=\"font-weight: 400\">O Fed disse que cen\u00e1rio continua incerto e que eles v\u00e3o tomar medidas apropriadas no momento adequado. Ou seja, aparentemente, n\u00e3o deu indica\u00e7\u00f5es dos pr\u00f3ximos passos\u201d, avaliou o diretor da Mirae Asset, Pablo Spyer.\u00a0<\/span>Na avalia\u00e7\u00e3o dele, o coment\u00e1rio do Fed de que o corte foi um &#8220;ajuste de ciclo&#8221;, significa que &#8220;n\u00e3o h\u00e1 planos para novos cortes&#8221;, e, com isso, o d\u00f3lar sobiu e a bolsa caiu. A Dow Jones, em Nova York, despencou 250 pontos logo ap\u00f3s o an\u00fancio do Fomc, por exemplo. A Bolsa de Valores de S\u00e3o Paulo (B3) seguiu as internacionais e encerrou com queda de 1%, a 101.812 pontos. Spyer acredita que\u00a0<span style=\"font-weight: 400\">as chances de o BC reduzir a Selic tamb\u00e9m em 0,25 ponto percentual s\u00e3o mais prov\u00e1veis, frustrando as expectativas do mercado, cuja maioria est\u00e1 apostando em 0,50 ponto de corte.<\/span><\/p>\n<p>&nbsp;<\/p>\n<p><span style=\"font-weight: 400\">Especialistas n\u00e3o t\u00eam d\u00favidas de que o Copom, que voltou a se reunir hoje \u00e0s 14h, vai cortar a Selic e, para isso, a decis\u00e3o do Fed ser\u00e1 levada em considera\u00e7\u00e3o antes de anunciar o resultado da reuni\u00e3o desta &#8220;super quarta&#8221; depois das 18h.\u00a0\u00a0<\/span><span style=\"font-weight: 400\">\u201cA sinaliza\u00e7\u00e3o do Fomc \u00e9 importante para a decis\u00e3o do Copom. N\u00e3o apenas o corte, mas a indica\u00e7\u00e3o do Fed sobre os passos seguintes, se o processo ser\u00e1 ou n\u00e3o gradual, devem fazer a diferen\u00e7a para que o Banco Central inicie o novo ciclo de corte da Selic em 0,25 ou em 0,5 ponto percentual\u201d, destaca a economista Patr\u00edcia Pereira analista da Mongeral Aegon Investimentos, que aposta em queda de 0,5 ponto percentual na Selic.<\/span><\/p>\n<p>&nbsp;<\/p>\n<p><b>Pol\u00eamicas<\/b><\/p>\n<p>&nbsp;<\/p>\n<p><span style=\"font-weight: 400\">Nos \u00faltimos dias, o mercado est\u00e1 mais ligado no Fed e no Copom, na expectativa dessa \u201csuper quarta\u201d, mas as declara\u00e7\u00f5es pol\u00eamicas do presidente Jair Bolsonaro tem preocupado os analistas. Por enquanto, essa confus\u00e3o n\u00e3o est\u00e1 se refletindo nos pre\u00e7os dos ativos porque o Congresso est\u00e1 em recesso. Entretanto, h\u00e1 um certo desconforto entre os agentes do mercado sobre as falas desconexas da realidade de Bolsonaro, que v\u00e3o desde a desonera\u00e7\u00e3o sobre jogos eletr\u00f4nicos e sobre bebidas, na contram\u00e3o do ajuste fiscal, passando pelas ofensas aos governadores do Nordeste at\u00e9 o mal estar causado sobre o coment\u00e1rio sobre a morte do pai do presidente da Ordem dos Advogados do Brasil (OAB), Felipe Santa Cruz. Essa agenda de costumes, admitem, pode atrapalhar o andamento da econ\u00f4mica se o presidente n\u00e3o tiver um freio e for mais comedido daqui para frente.<\/span><\/p>\n<p>&nbsp;<\/p>\n<p><span style=\"font-weight: 400\">\u201cO Congresso est\u00e1 em stand by, por enquanto, e por isso n\u00e3o h\u00e1 uma repercuss\u00e3o forte sobre as declara\u00e7\u00f5es recentes do presidente. Mas, de fato, preocupa. Mais cedo ou mais tarde, ele pode ter um calcanhar de Aquiles junto aos agentes econ\u00f4micos. Por enquanto, o mercado fica mais ligado nas decis\u00f5es do Fed e do Copom\u201d, explica a economista-chefe da Rosenberg Associados, Thais Marzola Zara. Ela prev\u00ea corte de 0,25 ponto percentual na Selic hoje. \u201cA infla\u00e7\u00e3o realmente est\u00e1 em um n\u00edvel muito baixo, com dados recentes do IPCA-15 e do IGP-M indicando um quadro mais benigno para o custo de vida, favorecendo o corte na Selic pelo Copom. Temos indicadores de atividade bastante mornos, mas a expectativa \u00e9 que h\u00e1 espa\u00e7o para corte, mas as comunica\u00e7\u00f5es do BC n\u00e3o d\u00e3o sinais de que ele ser\u00e1 t\u00e3o agressivo como o mercado quer\u201d, destacou.\u00a0 <\/span><\/p>\n","protected":false},"excerpt":{"rendered":"<p>ROSANA HESSEL Em dia de reuni\u00e3o do Comit\u00ea de Pol\u00edtica Monet\u00e1ria (Copom), o Fomc, o Copom do Federal Reserve (Fed, o banco central dos Estados Unidos), reduziu os juros em 0,25 ponto percentual nesta quarta-feira (31\/07), passando dos atuais 2,5% ao ano, para 2,25% anuais. Este \u00e9\u00a0o primeiro corte na taxa b\u00e1sica feita pelo Fed [&hellip;]<\/p>\n","protected":false},"author":22,"featured_media":0,"comment_status":"open","ping_status":"closed","sticky":false,"template":"","format":"standard","meta":{"footnotes":""},"categories":[600],"tags":[3,2554,99,1103,4],"class_list":["post-11489","post","type-post","status-publish","format-standard","hentry","category-economia","tag-banco-central","tag-bolsonaro","tag-copom","tag-fed","tag-juros"],"_links":{"self":[{"href":"https:\/\/blogs.correiobraziliense.com.br\/vicente\/wp-json\/wp\/v2\/posts\/11489","targetHints":{"allow":["GET"]}}],"collection":[{"href":"https:\/\/blogs.correiobraziliense.com.br\/vicente\/wp-json\/wp\/v2\/posts"}],"about":[{"href":"https:\/\/blogs.correiobraziliense.com.br\/vicente\/wp-json\/wp\/v2\/types\/post"}],"author":[{"embeddable":true,"href":"https:\/\/blogs.correiobraziliense.com.br\/vicente\/wp-json\/wp\/v2\/users\/22"}],"replies":[{"embeddable":true,"href":"https:\/\/blogs.correiobraziliense.com.br\/vicente\/wp-json\/wp\/v2\/comments?post=11489"}],"version-history":[{"count":7,"href":"https:\/\/blogs.correiobraziliense.com.br\/vicente\/wp-json\/wp\/v2\/posts\/11489\/revisions"}],"predecessor-version":[{"id":11504,"href":"https:\/\/blogs.correiobraziliense.com.br\/vicente\/wp-json\/wp\/v2\/posts\/11489\/revisions\/11504"}],"wp:attachment":[{"href":"https:\/\/blogs.correiobraziliense.com.br\/vicente\/wp-json\/wp\/v2\/media?parent=11489"}],"wp:term":[{"taxonomy":"category","embeddable":true,"href":"https:\/\/blogs.correiobraziliense.com.br\/vicente\/wp-json\/wp\/v2\/categories?post=11489"},{"taxonomy":"post_tag","embeddable":true,"href":"https:\/\/blogs.correiobraziliense.com.br\/vicente\/wp-json\/wp\/v2\/tags?post=11489"}],"curies":[{"name":"wp","href":"https:\/\/api.w.org\/{rel}","templated":true}]}}