{"id":11479,"date":"2019-07-30T20:32:28","date_gmt":"2019-07-30T23:32:28","guid":{"rendered":"https:\/\/blogs.correiobraziliense.com.br\/vicente\/?p=11479"},"modified":"2019-07-30T20:32:28","modified_gmt":"2019-07-30T23:32:28","slug":"deputado-paranaense-troca-o-paleto-gravata-e-sapato-por-camisa-de-futebol-bermuda-e-botina","status":"publish","type":"post","link":"https:\/\/blogs.correiobraziliense.com.br\/vicente\/deputado-paranaense-troca-o-paleto-gravata-e-sapato-por-camisa-de-futebol-bermuda-e-botina\/","title":{"rendered":"Deputado paranaense troca o palet\u00f3, gravata e sapato por camisa de futebol, bermuda e botina"},"content":{"rendered":"<p><span style=\"font-weight: 400\">RODOLFO COSTA<\/span><\/p>\n<p><span style=\"font-weight: 400\">O recesso branco no Congresso est\u00e1 sendo bem aproveitado pelos parlamentares que permaneceram em Bras\u00edlia trabalhando. No lugar dos tradicionais trajes passeio completo, com palet\u00f3, gravata, camisa e sapato sociais, no caso dos homens, deputados est\u00e3o atuando com trajes esportivos, camisa polo e cal\u00e7a jeans. Alguns est\u00e3o levando a flexibilidade na vestimenta ao p\u00e9 da letra. O deputado federal Boca Aberta (Pros-PR) trabalhou bem \u00e0 vontade nesta ter\u00e7a-feira (30\/7). O parlamentar foi visto pela C\u00e2mara dos Deputados com a tradicional camisa do Londrina Esporte Clube &#8212; time do cora\u00e7\u00e3o do parlamentar &#8211;, uma bermuda, e botinas.\u00a0<\/span><\/p>\n<p>&nbsp;<\/p>\n<p><span style=\"font-weight: 400\">O deputado minimiza as fotos obtidas pelo <\/span><b>Blog, <\/b><span style=\"font-weight: 400\">tiradas quando foi a um terminal do Banco do Brasil, no anexo IV da C\u00e2mara. \u201cN\u00e3o mudo minhas origens. Sempre ando de bermuda, botina e a camisa do meu Tubar\u00e3o. O que eu sou na rua, sou sendo deputado, ou n\u00e3o. Muita gente fica incomodada, mas eu n\u00e3o devo satisfa\u00e7\u00f5es a essas pessoas, e, sim, ao povo\u201d, declarou.\u00a0<\/span><\/p>\n<p>&nbsp;<\/p>\n<p><span style=\"font-weight: 400\">F\u00e3 de futebol, Boca Aberta garante ao Blog que, rotineiramente, chega \u00e0 C\u00e2mara com a camisa do Londrina. \u201cUsei na posse e uso todo dia. Chego aqui e s\u00f3 tiro ela para trabalhar. Respeito o c\u00f3digo de \u00e9tica da Casa, que impede de trabalhar com outro tipo de roupa, para n\u00e3o ferir o decoro parlamentar. E vou continuar mantendo minhas ra\u00edzes e origens\u201d, afirmou.\u00a0<\/span><\/p>\n<p>&nbsp;<\/p>\n<p><span style=\"font-weight: 400\">Defensor da candidatura avulsa, Boca Aberta destaca que, enquanto outros parlamentares n\u00e3o est\u00e3o no Congresso trabalhando, ele permanece em Bras\u00edlia. E se orgulha da atividade desempenhada at\u00e9 ent\u00e3o, em seu primeiro mandato na C\u00e2mara dos Deputados. \u201cSou um dos deputados que mais apresentou projetos. S\u00e3o quase 41. N\u00e3o tenho m\u00e1scara, n\u00e3o tenho duas caras. Sou o que sou, aliado do povo\u201d, disse.<\/span><\/p>\n<p>&nbsp;<\/p>\n<p><span style=\"font-weight: 400\">O caricato parlamentar \u00e9 conhecido do eleitorado paranaense, mas ficou conhecido nacionalmente quando entregou ao ministro da Justi\u00e7a e Seguran\u00e7a P\u00fablica, S\u00e9rgio Moro, um trof\u00e9u, em audi\u00eancia na Comiss\u00e3o de Constitui\u00e7\u00e3o e Justi\u00e7a (CCJ) da C\u00e2mara. Na ocasi\u00e3o, o ministro foi sabatinado sobre os vazamentos de conversas com procuradores da Opera\u00e7\u00e3o Lava Jato. \u201cS\u00e9rgio Moro equivale ao trof\u00e9u da Champions League, a Liga dos Campe\u00f5es. Trof\u00e9u cobi\u00e7ado pelas maiores estrelas do futebol mundial. O senhor merece, em nome do povo, esse trof\u00e9u que o senhor recebe hoje\u201d, declarou Boca Aberta, \u00e0 \u00e9poca.<\/span><\/p>\n<p>&nbsp;<\/p>\n<p><b>Normas<\/b><\/p>\n<p><span style=\"font-weight: 400\">Consultada, a assessoria de imprensa da C\u00e2mara informa que n\u00e3o h\u00e1 restri\u00e7\u00f5es expressas em rela\u00e7\u00e3o a trajes para ingresso na Casa. \u201cO Art. 1\u00ba do Ato da Mesa 106\/2013 prev\u00ea que \u2018ser\u00e1 permitido a qualquer pessoa, convenientemente trajada e portando crach\u00e1 de identifica\u00e7\u00e3o vis\u00edvel, ingressar e circular no Complexo Arquitet\u00f4nico da C\u00e2mara dos Deputados, observados os limites e as condi\u00e7\u00f5es deste Ato\u2019. N\u00e3o h\u00e1, entretanto, nenhuma especifica\u00e7\u00e3o ou restri\u00e7\u00e3o expressa em rela\u00e7\u00e3o aos trajes para ingresso na Casa\u201d, comunicou ao <\/span><b>Blog<\/b><span style=\"font-weight: 400\">.\u00a0<\/span><\/p>\n<p>&nbsp;<\/p>\n<p><span style=\"font-weight: 400\">A assessoria acrescentou, ainda, que as regras valem, inclusive, para visitantes. A norma que disp\u00f5e sobre o ingresso em depend\u00eancias da C\u00e2mara est\u00e1 no Ato da Mesa 63\/1980. O dispositivo, esclarece a assessoria, prev\u00ea que durante a realiza\u00e7\u00e3o de sess\u00f5es, \u00e9 exigido o uso de traje passeio completo ou uniforme para acesso ao Plen\u00e1rio Ulysses Guimar\u00e3es e \u00e1reas adjacentes (cafezinho e sal\u00e3o verde). Nos dias em que n\u00e3o h\u00e1 sess\u00e3o ocorrendo no Plen\u00e1rio, \u00e9 permitido o uso de traje esporte inclusive nesses espa\u00e7os.<\/span><\/p>\n","protected":false},"excerpt":{"rendered":"<p>RODOLFO COSTA O recesso branco no Congresso est\u00e1 sendo bem aproveitado pelos parlamentares que permaneceram em Bras\u00edlia trabalhando. No lugar dos tradicionais trajes passeio completo, com palet\u00f3, gravata, camisa e sapato sociais, no caso dos homens, deputados est\u00e3o atuando com trajes esportivos, camisa polo e cal\u00e7a jeans. Alguns est\u00e3o levando a flexibilidade na vestimenta ao [&hellip;]<\/p>\n","protected":false},"author":22,"featured_media":11480,"comment_status":"open","ping_status":"closed","sticky":false,"template":"","format":"standard","meta":{"footnotes":""},"categories":[600],"tags":[4042,254,1234,3863,4043],"class_list":["post-11479","post","type-post","status-publish","format-standard","has-post-thumbnail","hentry","category-economia","tag-boca-aberta","tag-congresso","tag-deputado","tag-parlamento","tag-recesso-branco"],"_links":{"self":[{"href":"https:\/\/blogs.correiobraziliense.com.br\/vicente\/wp-json\/wp\/v2\/posts\/11479","targetHints":{"allow":["GET"]}}],"collection":[{"href":"https:\/\/blogs.correiobraziliense.com.br\/vicente\/wp-json\/wp\/v2\/posts"}],"about":[{"href":"https:\/\/blogs.correiobraziliense.com.br\/vicente\/wp-json\/wp\/v2\/types\/post"}],"author":[{"embeddable":true,"href":"https:\/\/blogs.correiobraziliense.com.br\/vicente\/wp-json\/wp\/v2\/users\/22"}],"replies":[{"embeddable":true,"href":"https:\/\/blogs.correiobraziliense.com.br\/vicente\/wp-json\/wp\/v2\/comments?post=11479"}],"version-history":[{"count":1,"href":"https:\/\/blogs.correiobraziliense.com.br\/vicente\/wp-json\/wp\/v2\/posts\/11479\/revisions"}],"predecessor-version":[{"id":11481,"href":"https:\/\/blogs.correiobraziliense.com.br\/vicente\/wp-json\/wp\/v2\/posts\/11479\/revisions\/11481"}],"wp:featuredmedia":[{"embeddable":true,"href":"https:\/\/blogs.correiobraziliense.com.br\/vicente\/wp-json\/wp\/v2\/media\/11480"}],"wp:attachment":[{"href":"https:\/\/blogs.correiobraziliense.com.br\/vicente\/wp-json\/wp\/v2\/media?parent=11479"}],"wp:term":[{"taxonomy":"category","embeddable":true,"href":"https:\/\/blogs.correiobraziliense.com.br\/vicente\/wp-json\/wp\/v2\/categories?post=11479"},{"taxonomy":"post_tag","embeddable":true,"href":"https:\/\/blogs.correiobraziliense.com.br\/vicente\/wp-json\/wp\/v2\/tags?post=11479"}],"curies":[{"name":"wp","href":"https:\/\/api.w.org\/{rel}","templated":true}]}}