{"id":11459,"date":"2019-07-30T11:38:53","date_gmt":"2019-07-30T14:38:53","guid":{"rendered":"https:\/\/blogs.correiobraziliense.com.br\/vicente\/?p=11459"},"modified":"2019-07-30T11:38:53","modified_gmt":"2019-07-30T14:38:53","slug":"inadimplencia-das-empresas-volta-a-acelerar-e-cresce-402-em-junho-diz-cndl","status":"publish","type":"post","link":"https:\/\/blogs.correiobraziliense.com.br\/vicente\/inadimplencia-das-empresas-volta-a-acelerar-e-cresce-402-em-junho-diz-cndl\/","title":{"rendered":"Inadimpl\u00eancia das empresas volta a acelerar e cresce 4,02% em junho, diz CNDL"},"content":{"rendered":"<h2>HAMILTON FERRARI<\/h2>\n<h2><\/h2>\n<h2>Dados apurados pela Confedera\u00e7\u00e3o Nacional de Dirigentes Lojistas (CNDL) em parceria com o Servi\u00e7o de Prote\u00e7\u00e3o ao Cr\u00e9dito (SPC Brasil) mostrou que a inadimpl\u00eancia das empresas voltou a acelerar e cresceu 4,02% em junho, em compara\u00e7\u00e3o com o mesmo m\u00eas de 2018.<\/h2>\n<p>&nbsp;<\/p>\n<p>Em compara\u00e7\u00e3o com maio, houve alta de 1,55% no volume de empresas com conta em atraso. \u00c9 a maior varia\u00e7\u00e3o mensal desde novembro do ano passado, quando o crescimento observado foi de 2,17%<\/p>\n<p>&nbsp;<\/p>\n<p>Na avalia\u00e7\u00e3o do presidente da CNDL, Jos\u00e9 Cesar Costa, o crescimento econ\u00f4mico em ritmo abaixo do que era esperado tem impactado a capacidade de pagamento das empresas. Para ele, com o mercado de trabalho demorando para reagir e a capacidade ociosa das ind\u00fastrias em n\u00edveis elevados, as empresas vem enfrentando dificuldades para honrar seus compromissos.<\/p>\n<p>&nbsp;<\/p>\n<p>\u201cPara os pr\u00f3ximos meses, o movimento da inadimpl\u00eancia de pessoas jur\u00eddicas ir\u00e1 depender da evolu\u00e7\u00e3o do cr\u00e9dito e da atividade econ\u00f4mica, que ainda avan\u00e7a de maneira lenta\u201d, avalia Costa. Das empresas, 70% est\u00e3o inadimplentes com o setor de servi\u00e7os, que engloba bancos e financeiras.<\/p>\n<p>&nbsp;<\/p>\n<p><em>Bras\u00edlia, 11h34min<\/em><\/p>\n","protected":false},"excerpt":{"rendered":"<p>HAMILTON FERRARI Dados apurados pela Confedera\u00e7\u00e3o Nacional de Dirigentes Lojistas (CNDL) em parceria com o Servi\u00e7o de Prote\u00e7\u00e3o ao Cr\u00e9dito (SPC Brasil) mostrou que a inadimpl\u00eancia das empresas voltou a acelerar e cresceu 4,02% em junho, em compara\u00e7\u00e3o com o mesmo m\u00eas de 2018. &nbsp; Em compara\u00e7\u00e3o com maio, houve alta de 1,55% no volume [&hellip;]<\/p>\n","protected":false},"author":22,"featured_media":0,"comment_status":"open","ping_status":"closed","sticky":false,"template":"","format":"standard","meta":{"footnotes":""},"categories":[600],"tags":[3292,1109,166,5],"class_list":["post-11459","post","type-post","status-publish","format-standard","hentry","category-economia","tag-cndl","tag-empresas","tag-endividamento","tag-inadimplencia"],"_links":{"self":[{"href":"https:\/\/blogs.correiobraziliense.com.br\/vicente\/wp-json\/wp\/v2\/posts\/11459","targetHints":{"allow":["GET"]}}],"collection":[{"href":"https:\/\/blogs.correiobraziliense.com.br\/vicente\/wp-json\/wp\/v2\/posts"}],"about":[{"href":"https:\/\/blogs.correiobraziliense.com.br\/vicente\/wp-json\/wp\/v2\/types\/post"}],"author":[{"embeddable":true,"href":"https:\/\/blogs.correiobraziliense.com.br\/vicente\/wp-json\/wp\/v2\/users\/22"}],"replies":[{"embeddable":true,"href":"https:\/\/blogs.correiobraziliense.com.br\/vicente\/wp-json\/wp\/v2\/comments?post=11459"}],"version-history":[{"count":1,"href":"https:\/\/blogs.correiobraziliense.com.br\/vicente\/wp-json\/wp\/v2\/posts\/11459\/revisions"}],"predecessor-version":[{"id":11460,"href":"https:\/\/blogs.correiobraziliense.com.br\/vicente\/wp-json\/wp\/v2\/posts\/11459\/revisions\/11460"}],"wp:attachment":[{"href":"https:\/\/blogs.correiobraziliense.com.br\/vicente\/wp-json\/wp\/v2\/media?parent=11459"}],"wp:term":[{"taxonomy":"category","embeddable":true,"href":"https:\/\/blogs.correiobraziliense.com.br\/vicente\/wp-json\/wp\/v2\/categories?post=11459"},{"taxonomy":"post_tag","embeddable":true,"href":"https:\/\/blogs.correiobraziliense.com.br\/vicente\/wp-json\/wp\/v2\/tags?post=11459"}],"curies":[{"name":"wp","href":"https:\/\/api.w.org\/{rel}","templated":true}]}}