{"id":11456,"date":"2019-07-30T11:22:55","date_gmt":"2019-07-30T14:22:55","guid":{"rendered":"https:\/\/blogs.correiobraziliense.com.br\/vicente\/?p=11456"},"modified":"2019-07-30T11:22:55","modified_gmt":"2019-07-30T14:22:55","slug":"entre-23-mil-e-25-mil-funcionarios-do-bb-devem-aderir-a-demissao","status":"publish","type":"post","link":"https:\/\/blogs.correiobraziliense.com.br\/vicente\/entre-23-mil-e-25-mil-funcionarios-do-bb-devem-aderir-a-demissao\/","title":{"rendered":"Entre 2,3 mil e 2,5 mil funcion\u00e1rios do BB devem aderir \u00e0 demiss\u00e3o"},"content":{"rendered":"<h2>HAMILTON FERRARI<\/h2>\n<h2><\/h2>\n<h2>Entre 2,3 mil e 2,5 mil funcion\u00e1rios do Banco do Brasil (BB) devem aderir ao Programa de Adequa\u00e7\u00e3o de Quadro (PAQ), que reestrutura a estatal financeira e estabelece est\u00edmulos para pedidos de demiss\u00e3o volunt\u00e1rio. Para que saiam, os trabalhadores receber\u00e3o at\u00e9 R$ 200 mil, conforme o tempo de trabalho na institui\u00e7\u00e3o, al\u00e9m de outros benef\u00edcios.<\/h2>\n<p>&nbsp;<\/p>\n<p>A ades\u00e3o come\u00e7ou nesta ter\u00e7a-feira (30\/7) e termina dia 14 de agosto (quarta-feira). A restrutura\u00e7\u00e3o do BB foi antecipada pelo <strong>Blog do Vicente<\/strong> no \u00faltimo s\u00e1bado. O programa estabelece que quem atuou por at\u00e9 20 anos no banco poder\u00e1 receber 7,8 sal\u00e1rios brutos, enquanto o funcion\u00e1rio que atuou por mais do que esse per\u00edodo na institui\u00e7\u00e3o ganhar\u00e1 o equivalente a 9,8 remunera\u00e7\u00f5es.<\/p>\n<p>&nbsp;<\/p>\n<p>O trabalhador que aderir receber\u00e1 da institui\u00e7\u00e3o financeira os direitos regulamentares de desligamento, al\u00e9m do ressarcimento do plano de sa\u00fade, inclusive de dependentes, pelo per\u00edodo de um ano. Ficar\u00e1 tamb\u00e9m isento de pagamento de custos com treinamento, como cursos de gradua\u00e7\u00e3o, de idiomas e certifica\u00e7\u00f5es.<\/p>\n<p>&nbsp;<\/p>\n<p>O PAQ foi criado para fazer um remanejamento e n\u00e3o \u00e9 voltado para todos os funcion\u00e1rios, apenas para os que trabalham em locais onde h\u00e1 excesso de m\u00e3o de obra. Por isso, n\u00e3o h\u00e1 metas de demiss\u00e3o.<\/p>\n<p>&nbsp;<\/p>\n<p>Mas o n\u00famero de funcion\u00e1rios pode superar at\u00e9 2,5 mil, o que representaria uma sa\u00edda de trabalhadores maior do que no per\u00edodo do ex-presidente do BB, Paulo Roberto Caffarelli, que tamb\u00e9m reestruturou o banco para se adequar ao mercado digital.<\/p>\n<p>&nbsp;<\/p>\n<p>O PAQ incentiva tamb\u00e9m a\u00a0transfer\u00eancia de funcion\u00e1rios de unidades com muita gente para as que n\u00e3o t\u00eam m\u00e3o de obra suficiente. De acordo com fontes do BB, se todos os funcion\u00e1rios se moverem, haver\u00e1 vagas para todos. Mas isso n\u00e3o deve ocorrer, porque muitos n\u00e3o est\u00e3o dispostos a mudar de munic\u00edpio ou ir para cargos mais baixos.<\/p>\n<p>&nbsp;<\/p>\n<p>Tamb\u00e9m para se adequar \u00e0 digitaliza\u00e7\u00e3o do banco, 333 ag\u00eancias ser\u00e3o transformadas em Posto de Atendimento Avan\u00e7ado (PAA), que s\u00e3o pontos destinados a munic\u00edpios desassistidos de servi\u00e7os banc\u00e1rios e possuem estrutura reduzida de funcion\u00e1rios. Outras 49 PAAs devem se transformar em ag\u00eancias.<\/p>\n<p>&nbsp;<\/p>\n<p>O Minist\u00e9rio da Economia, por meio da Secretaria de Coordena\u00e7\u00e3o e Governan\u00e7a das Empresas Estatais (Sest) e Secretaria de Desestatiza\u00e7\u00e3o, fechou sete programas de demiss\u00e3o volunt\u00e1ria em estatais. Um deles foi feito pela Caixa Econ\u00f4mica Federal, que tem o objetivo de reduzir o quadro de funcion\u00e1rios em 3,5 mil postos.<\/p>\n<p>&nbsp;<\/p>\n<p>A inten\u00e7\u00e3o \u00e9 gerar uma economia de R$ 2,3 bilh\u00f5es aos cofres p\u00fablicos por ano, sendo que a estimativa \u00e9 de que 21 mil empregados sejam desligados nesses sete programas de desligamentos aprovados. A pasta estuda ainda a ado\u00e7\u00e3o de mais quatro PDVs para outras estatais, com objetivo de redu\u00e7\u00e3o de custos e aumento da produtividade.<\/p>\n<p>&nbsp;<\/p>\n<p><em>Bras\u00edlia, 11h18min<\/em><\/p>\n","protected":false},"excerpt":{"rendered":"<p>HAMILTON FERRARI Entre 2,3 mil e 2,5 mil funcion\u00e1rios do Banco do Brasil (BB) devem aderir ao Programa de Adequa\u00e7\u00e3o de Quadro (PAQ), que reestrutura a estatal financeira e estabelece est\u00edmulos para pedidos de demiss\u00e3o volunt\u00e1rio. Para que saiam, os trabalhadores receber\u00e3o at\u00e9 R$ 200 mil, conforme o tempo de trabalho na institui\u00e7\u00e3o, al\u00e9m de [&hellip;]<\/p>\n","protected":false},"author":22,"featured_media":11457,"comment_status":"open","ping_status":"closed","sticky":false,"template":"","format":"standard","meta":{"footnotes":""},"categories":[600],"tags":[229,1373,22,4032,2449],"class_list":["post-11456","post","type-post","status-publish","format-standard","has-post-thumbnail","hentry","category-economia","tag-banco-do-brasil","tag-bb","tag-demissao","tag-paq","tag-voluntaria"],"_links":{"self":[{"href":"https:\/\/blogs.correiobraziliense.com.br\/vicente\/wp-json\/wp\/v2\/posts\/11456","targetHints":{"allow":["GET"]}}],"collection":[{"href":"https:\/\/blogs.correiobraziliense.com.br\/vicente\/wp-json\/wp\/v2\/posts"}],"about":[{"href":"https:\/\/blogs.correiobraziliense.com.br\/vicente\/wp-json\/wp\/v2\/types\/post"}],"author":[{"embeddable":true,"href":"https:\/\/blogs.correiobraziliense.com.br\/vicente\/wp-json\/wp\/v2\/users\/22"}],"replies":[{"embeddable":true,"href":"https:\/\/blogs.correiobraziliense.com.br\/vicente\/wp-json\/wp\/v2\/comments?post=11456"}],"version-history":[{"count":1,"href":"https:\/\/blogs.correiobraziliense.com.br\/vicente\/wp-json\/wp\/v2\/posts\/11456\/revisions"}],"predecessor-version":[{"id":11458,"href":"https:\/\/blogs.correiobraziliense.com.br\/vicente\/wp-json\/wp\/v2\/posts\/11456\/revisions\/11458"}],"wp:featuredmedia":[{"embeddable":true,"href":"https:\/\/blogs.correiobraziliense.com.br\/vicente\/wp-json\/wp\/v2\/media\/11457"}],"wp:attachment":[{"href":"https:\/\/blogs.correiobraziliense.com.br\/vicente\/wp-json\/wp\/v2\/media?parent=11456"}],"wp:term":[{"taxonomy":"category","embeddable":true,"href":"https:\/\/blogs.correiobraziliense.com.br\/vicente\/wp-json\/wp\/v2\/categories?post=11456"},{"taxonomy":"post_tag","embeddable":true,"href":"https:\/\/blogs.correiobraziliense.com.br\/vicente\/wp-json\/wp\/v2\/tags?post=11456"}],"curies":[{"name":"wp","href":"https:\/\/api.w.org\/{rel}","templated":true}]}}