{"id":11433,"date":"2019-07-27T12:25:56","date_gmt":"2019-07-27T15:25:56","guid":{"rendered":"https:\/\/blogs.correiobraziliense.com.br\/vicente\/?p=11433"},"modified":"2019-07-27T13:43:18","modified_gmt":"2019-07-27T16:43:18","slug":"bb-prepara-mais-um-pdv-para-reduzir-quadro-de-pessoal","status":"publish","type":"post","link":"https:\/\/blogs.correiobraziliense.com.br\/vicente\/bb-prepara-mais-um-pdv-para-reduzir-quadro-de-pessoal\/","title":{"rendered":"BB prepara mais um PDV para reduzir quadro de pessoal"},"content":{"rendered":"<h2>O Banco do Brasil (BB), que divulgar\u00e1 os resultados do segundo trimestre em 8 de agosto, est\u00e1 preparando mais um Programa de Demiss\u00e3o Volunt\u00e1ria (PDV), a ser anunciado em breve. Esse desligamento, por\u00e9m, poder\u00e1 vir com o pomposo nome de reorganiza\u00e7\u00e3o.<\/h2>\n<p>&nbsp;<\/p>\n<p>Entre os 98 mil funcion\u00e1rios, o clima \u00e9 de muita expectativa, pois n\u00e3o se sabe at\u00e9 onde chegar\u00e1 esse processo de reestrutura\u00e7\u00e3o e quais a condi\u00e7\u00f5es que ser\u00e3o oferecidas pelo BB aos que decidirem pelo PDV.<\/p>\n<p>&nbsp;<\/p>\n<p>N\u00e3o se acredita que ser\u00e1 algo t\u00e3o grande como foi na gest\u00e3o de Paulo Rog\u00e9rio Caffarelli, que promoveu cortes profundos no banco, inclusive com o fechamento de centenas de ag\u00eancias.<\/p>\n<p>&nbsp;<\/p>\n<p>A expectativa \u00e9 maior com o que est\u00e1 por vir, porque, pela reforma da Previd\u00eancia, todos trabalhadores de empresas estatais que vierem a se aposentar depois da aprova\u00e7\u00e3o em definitivo da reforma da Previd\u00eancia ter\u00e3o que ser demitidos.<\/p>\n<p>&nbsp;<\/p>\n<p>Estima-se, dentro do Banco do Brasil, que pelo menos 30% dos atuais gestores seriam cortados depois que tal regra entrasse em vigor. Esse n\u00famero preocupa, pois daria descontinuidade a muitos projetos importantes tocados dentro da institui\u00e7\u00e3o.<\/p>\n<p>&nbsp;<\/p>\n<p><strong>Enxugamento<\/strong><\/p>\n<p>&nbsp;<\/p>\n<p>O Banco do Brasil n\u00e3o consegue dimensionar claramente quantos empregados teria que demitir depois de aprovada a reforma da Previd\u00eancia, pois muita gente se aposenta pelo Instituto Nacional do Seguro Social (INSS), mas n\u00e3o comunica a institui\u00e7\u00e3o.<\/p>\n<p>&nbsp;<\/p>\n<p>&#8220;N\u00e3o existe um n\u00famero preciso&#8221;, afirma um t\u00e9cnico do banco. Ele ressalta, por\u00e9m, que, pela Nova Previd\u00eancia, quem j\u00e1 est\u00e1 aposentado pelo INSS n\u00e3o ter\u00e1, necessariamente, que deixar o banco. A regra de demiss\u00e3o imediata vale apenas para quem se aposentar depois que a reforma estiver, efetivamente, valendo.<\/p>\n<p>&nbsp;<\/p>\n<p>O atual presidente do BB, Rubem Novaes, j\u00e1 demonstrou, por diversas vezes, que a institui\u00e7\u00e3o tem que diminuir de tamanho e abrir espa\u00e7o para os concorrentes privados. O banco, inclusive, vem se desfazendo, sem alarde, de v\u00e1rios ativos.<\/p>\n<p>&nbsp;<\/p>\n<p>Novaes s\u00f3 n\u00e3o acelerou o passo no sentido de cortar pessoal, porque a press\u00e3o dentro do banco \u00e9 grande. Ele, inclusive, j\u00e1 foi acusado por assessores do presidente da Rep\u00fablica, Jair Bolsonaro, de ter sido &#8220;cooptado&#8221; pelas corpora\u00e7\u00f5es do BB.<\/p>\n<p>&nbsp;<\/p>\n<p>O certo \u00e9 que, pelos dados do Banco Central, os bancos p\u00fablicos v\u00eam diminuindo o ritmo de crescimento. Nos seis primeiros meses deste ano, o estoque de cr\u00e9dito dessas institui\u00e7\u00f5es avan\u00e7ou 1,2%. J\u00e1 o total do setor privado saltou 2,1%.<\/p>\n<p>&nbsp;<\/p>\n<p><em>Bras\u00edlia, 12h25min<\/em><\/p>\n","protected":false},"excerpt":{"rendered":"<p>O Banco do Brasil (BB), que divulgar\u00e1 os resultados do segundo trimestre em 8 de agosto, est\u00e1 preparando mais um Programa de Demiss\u00e3o Volunt\u00e1ria (PDV), a ser anunciado em breve. Esse desligamento, por\u00e9m, poder\u00e1 vir com o pomposo nome de reorganiza\u00e7\u00e3o. &nbsp; Entre os 98 mil funcion\u00e1rios, o clima \u00e9 de muita expectativa, pois n\u00e3o [&hellip;]<\/p>\n","protected":false},"author":22,"featured_media":10404,"comment_status":"open","ping_status":"closed","sticky":false,"template":"","format":"standard","meta":{"footnotes":""},"categories":[600],"tags":[229,1373,3126,1390,1396,4029],"class_list":["post-11433","post","type-post","status-publish","format-standard","has-post-thumbnail","hentry","category-economia","tag-banco-do-brasil","tag-bb","tag-cortes","tag-enxugamento","tag-pdv","tag-rubem-novaes"],"_links":{"self":[{"href":"https:\/\/blogs.correiobraziliense.com.br\/vicente\/wp-json\/wp\/v2\/posts\/11433","targetHints":{"allow":["GET"]}}],"collection":[{"href":"https:\/\/blogs.correiobraziliense.com.br\/vicente\/wp-json\/wp\/v2\/posts"}],"about":[{"href":"https:\/\/blogs.correiobraziliense.com.br\/vicente\/wp-json\/wp\/v2\/types\/post"}],"author":[{"embeddable":true,"href":"https:\/\/blogs.correiobraziliense.com.br\/vicente\/wp-json\/wp\/v2\/users\/22"}],"replies":[{"embeddable":true,"href":"https:\/\/blogs.correiobraziliense.com.br\/vicente\/wp-json\/wp\/v2\/comments?post=11433"}],"version-history":[{"count":1,"href":"https:\/\/blogs.correiobraziliense.com.br\/vicente\/wp-json\/wp\/v2\/posts\/11433\/revisions"}],"predecessor-version":[{"id":11434,"href":"https:\/\/blogs.correiobraziliense.com.br\/vicente\/wp-json\/wp\/v2\/posts\/11433\/revisions\/11434"}],"wp:featuredmedia":[{"embeddable":true,"href":"https:\/\/blogs.correiobraziliense.com.br\/vicente\/wp-json\/wp\/v2\/media\/10404"}],"wp:attachment":[{"href":"https:\/\/blogs.correiobraziliense.com.br\/vicente\/wp-json\/wp\/v2\/media?parent=11433"}],"wp:term":[{"taxonomy":"category","embeddable":true,"href":"https:\/\/blogs.correiobraziliense.com.br\/vicente\/wp-json\/wp\/v2\/categories?post=11433"},{"taxonomy":"post_tag","embeddable":true,"href":"https:\/\/blogs.correiobraziliense.com.br\/vicente\/wp-json\/wp\/v2\/tags?post=11433"}],"curies":[{"name":"wp","href":"https:\/\/api.w.org\/{rel}","templated":true}]}}