{"id":11425,"date":"2019-07-25T15:04:46","date_gmt":"2019-07-25T18:04:46","guid":{"rendered":"https:\/\/blogs.correiobraziliense.com.br\/vicente\/?p=11425"},"modified":"2019-07-25T15:04:46","modified_gmt":"2019-07-25T18:04:46","slug":"ita-gas-oil-feira-vai-tratar-sobre-responsabilidade-social","status":"publish","type":"post","link":"https:\/\/blogs.correiobraziliense.com.br\/vicente\/ita-gas-oil-feira-vai-tratar-sobre-responsabilidade-social\/","title":{"rendered":"Ita Gas &amp; Oil: feira vai tratar sobre responsabilidade social"},"content":{"rendered":"<h2>HAMILTON FERRARI<\/h2>\n<h2>\nA secret\u00e1ria de Estado de Desenvolvimento Social e Direitos Humanos do Rio de Janeiro, Fabiana Bentes, vai tratar sobre investimentos na \u00e1rea de responsabilidade social na feira Ita Gas &amp; Oil, em Itabora\u00ed, para melhorar a vida das pessoas que est\u00e3o em situa\u00e7\u00e3o de vulnerabilidade.<\/h2>\n<h2><\/h2>\n<p>O evento ocorre nesta quinta-feira (25\/7) e contar\u00e1 com especialistas nacionais e internacionais do segmento. \u201cTodas as empresas que chegam ao Rio de Janeiro desejam investir na \u00e1rea de responsabilidade social e querem, al\u00e9m de neg\u00f3cios, melhorar a vida das pessoas que est\u00e3o em situa\u00e7\u00e3o de vulnerabilidade. Vamos mostrar que o Estado est\u00e1 fazendo seu dever de casa e que a parceria com a iniciativa privada, a recupera\u00e7\u00e3o social ser\u00e1 muito mais r\u00e1pida\u201d, afirma Fabiana.<\/p>\n<p>&nbsp;<\/p>\n<p>Ela destaca que a gera\u00e7\u00e3o de emprego e renda s\u00e3o imprescind\u00edveis para criar oportunidades de uma vida digna para a popula\u00e7\u00e3o. O Rio de Janeiro, segundo empres\u00e1rios do setor, concentra 73% da produ\u00e7\u00e3o de \u00f3leo no Brasil e 53% da produ\u00e7\u00e3o de g\u00e1s.<\/p>\n<p>&nbsp;<\/p>\n<p>De acordo com a Companhia de Desenvolvimento Industrial do Estado do Rio de Janeiro (Codin), o setor de Petr\u00f3leo e G\u00e1s vive um momento de extrema oportunidade capitaneada pelo Estado do Rio de Janeiro. Al\u00e9m disso, o setor de petr\u00f3leo representa diretamente cerca de 30% do PIB do estado do Rio e 13% do PIB brasileiro.<\/p>\n<p>&nbsp;<\/p>\n<p><em>Bras\u00edlia, 14h57min<\/em><\/p>\n","protected":false},"excerpt":{"rendered":"<p>HAMILTON FERRARI A secret\u00e1ria de Estado de Desenvolvimento Social e Direitos Humanos do Rio de Janeiro, Fabiana Bentes, vai tratar sobre investimentos na \u00e1rea de responsabilidade social na feira Ita Gas &amp; Oil, em Itabora\u00ed, para melhorar a vida das pessoas que est\u00e3o em situa\u00e7\u00e3o de vulnerabilidade. O evento ocorre nesta quinta-feira (25\/7) e contar\u00e1 [&hellip;]<\/p>\n","protected":false},"author":22,"featured_media":0,"comment_status":"open","ping_status":"closed","sticky":false,"template":"","format":"standard","meta":{"footnotes":""},"categories":[600],"tags":[3986],"class_list":["post-11425","post","type-post","status-publish","format-standard","hentry","category-economia","tag-vulnerabilidade"],"_links":{"self":[{"href":"https:\/\/blogs.correiobraziliense.com.br\/vicente\/wp-json\/wp\/v2\/posts\/11425","targetHints":{"allow":["GET"]}}],"collection":[{"href":"https:\/\/blogs.correiobraziliense.com.br\/vicente\/wp-json\/wp\/v2\/posts"}],"about":[{"href":"https:\/\/blogs.correiobraziliense.com.br\/vicente\/wp-json\/wp\/v2\/types\/post"}],"author":[{"embeddable":true,"href":"https:\/\/blogs.correiobraziliense.com.br\/vicente\/wp-json\/wp\/v2\/users\/22"}],"replies":[{"embeddable":true,"href":"https:\/\/blogs.correiobraziliense.com.br\/vicente\/wp-json\/wp\/v2\/comments?post=11425"}],"version-history":[{"count":1,"href":"https:\/\/blogs.correiobraziliense.com.br\/vicente\/wp-json\/wp\/v2\/posts\/11425\/revisions"}],"predecessor-version":[{"id":11426,"href":"https:\/\/blogs.correiobraziliense.com.br\/vicente\/wp-json\/wp\/v2\/posts\/11425\/revisions\/11426"}],"wp:attachment":[{"href":"https:\/\/blogs.correiobraziliense.com.br\/vicente\/wp-json\/wp\/v2\/media?parent=11425"}],"wp:term":[{"taxonomy":"category","embeddable":true,"href":"https:\/\/blogs.correiobraziliense.com.br\/vicente\/wp-json\/wp\/v2\/categories?post=11425"},{"taxonomy":"post_tag","embeddable":true,"href":"https:\/\/blogs.correiobraziliense.com.br\/vicente\/wp-json\/wp\/v2\/tags?post=11425"}],"curies":[{"name":"wp","href":"https:\/\/api.w.org\/{rel}","templated":true}]}}