{"id":11419,"date":"2019-07-24T13:36:31","date_gmt":"2019-07-24T16:36:31","guid":{"rendered":"https:\/\/blogs.correiobraziliense.com.br\/vicente\/?p=11419"},"modified":"2019-07-24T13:36:31","modified_gmt":"2019-07-24T16:36:31","slug":"confianca-do-consumidor-continua-em-baixa-e-saque-de-fgts-vai-ajudar-pouco","status":"publish","type":"post","link":"https:\/\/blogs.correiobraziliense.com.br\/vicente\/confianca-do-consumidor-continua-em-baixa-e-saque-de-fgts-vai-ajudar-pouco\/","title":{"rendered":"Confian\u00e7a do consumidor continua em baixa e saque de FGTS vai ajudar pouco"},"content":{"rendered":"<h2><span style=\"font-weight: 400\">ROSANA HESSEL<\/span><\/h2>\n<h2><\/h2>\n<h2><span style=\"font-weight: 400\">Economia fraca e desemprego elevado n\u00e3o s\u00e3o est\u00edmulos para o consumo, at\u00e9 mesmo para o trabalhador que tem a sorte de estar com a carteira de trabalho assinada nesses tempos bicudos. <\/span><span style=\"font-weight: 400\">Al\u00e9m disso, as incertezas pol\u00edticas em rela\u00e7\u00e3o ao clima da retomada dos trabalhos do Congresso ap\u00f3s o fim do recesso em agosto, tamb\u00e9m n\u00e3o colaboraram para uma retomada mais forte dos indicadores econ\u00f4micos, principalmente, a confian\u00e7a. <\/span><span style=\"font-weight: 400\">Nem mesmo com a libera\u00e7\u00e3o dos saques do Fundo de Garantia do Tempo de Servi\u00e7o (FGTS) vai ajudar a reverter esse quadro, porque o impacto dever\u00e1 ser pequeno na atividade pelas contas dos analistas.\u00a0<\/span><\/h2>\n<p>&nbsp;<\/p>\n<h2><span style=\"font-weight: 400\">A confian\u00e7a do consumidor est\u00e1 erodindo, como mostram dados da Funda\u00e7\u00e3o Getulio Vargas (FGV) divulgados nesta quarta-feira (24\/07). A institui\u00e7\u00e3o registrou nova queda no \u00cdndice de Confian\u00e7a do Consumidor (ICC) para \u201cos n\u00edveis mais baixos da s\u00e9rie hist\u00f3rica\u201d. Esse dado ajuda a confirmar as previs\u00f5es do mercado de que o Produto Interno Bruto (PIB) deste ano est\u00e1 empacado e ter\u00e1 uma expans\u00e3o abaixo da taxa de 1,1%, registrada em 2017 e em 2018. Logo, n\u00e3o ser\u00e1 f\u00e1cil para o pa\u00eds retomar o rumo, com taxas de crescimento sustent\u00e1veis, ou seja, duradouras.\u00a0\u00a0<\/span><\/h2>\n<p>&nbsp;<\/p>\n<p><span style=\"font-weight: 400\">De acordo com analistas, a libera\u00e7\u00e3o dos saques do FGTS, que ser\u00e1 detalhado na tarde desta quarta-feira pela equipe econ\u00f4mica, ter\u00e1 um impacto bem pequeno no PIB deste ano. O economista-chefe da Necton Investimentos, Andr\u00e9 Perfeito, por exemplo, prev\u00ea um est\u00edmulo de 0,1 ponto percentual no PIB, o elevaria a previs\u00e3o dele para o avan\u00e7o da atividade econ\u00f4mica deste ano de 0,5% para 0,6%. &#8220;Essa medida tem efeito limitado como ficou evidenciado no passado, durante o governo Michel Temer, que usou o mesmo expediente para turbinar a economia via consumo&#8221;, destacou.<\/span><\/p>\n<p>&nbsp;<\/p>\n<p><span style=\"font-weight: 400\">Conforme os dados da FGV, o ICC recuou 0,4 ponto em julho, para 88,1 pontos. Em m\u00e9dias m\u00f3veis trimestrais, o indicador teve a quinta queda consecutiva, acumulando perda de 7,5 pontos, ficando abaixo do patamar de 100 pontos, e voltando ao patamar antes das elei\u00e7\u00f5es.\u00a0 Essa queda na confian\u00e7a ocorreu em todas as classes de renda, exceto para os consumidores com renda familiar mensal superior a R$ 9.600. As fam\u00edlias com menor poder aquisitivo (com renda m\u00e9dia at\u00e9 R$ 4.800) s\u00e3o as com menor n\u00edvel de confian\u00e7a e menos otimistas com o futuro.<\/span><\/p>\n<p>&nbsp;<\/p>\n<p><b>Eros\u00e3o<\/b><\/p>\n<p>&nbsp;<\/p>\n<p><span style=\"font-weight: 400\">A falta de confian\u00e7a do consumidor dificulta a retomada da economia e n\u00e3o permite que o empres\u00e1rio invista. A prova disso \u00e9 um dado recente da Confedera\u00e7\u00e3o Nacional da Ind\u00fastria (CNI) mostrando que a preocupa\u00e7\u00e3o com a demanda fraca n\u00e3o para de crescer entre os empres\u00e1rios e isso, obviamente, desestimula o investimento, que \u00e9 a principal mola para o crescimento econ\u00f4mico sustent\u00e1vel. Em primeiro lugar das preocupa\u00e7\u00f5es do ranking da Sondagem Industrial da entidade, est\u00e1 a elevada carga tribut\u00e1ria, com 42,4% das men\u00e7\u00f5es, seguida da demanda interna insuficiente com 41,1% das respostas da pesquisa. Outro dado publicado anualmente pela Universidade Cornell, pelo Insead e pela Organiza\u00e7\u00e3o Mundial da Propriedade Intelectual (OMPI), o \u00cdndice Global de Inova\u00e7\u00e3o (IGI), mostra que o Brasil perdeu duas posi\u00e7\u00f5es nesse ranking dos pa\u00edses mais inovadores do mundo. Passou da 64\u00aa para a 66\u00ba coloca\u00e7\u00e3o em uma lista de 129 pa\u00edses.<\/span><\/p>\n<p>&nbsp;<\/p>\n<p><span style=\"font-weight: 400\">\u201cA eros\u00e3o da confian\u00e7a dos consumidores e das empresas, nos \u00faltimos meses, provavelmente est\u00e1 ligada ao ru\u00eddo pol\u00edtico persistente, \u00e0 incerteza em meio ao crescimento moderado e \u00e0 din\u00e2mica do mercado de trabalho\u201d, resumiu o economista Alberto Ramos, do diretor do Goldman Sachs, em comunicado divulgado h\u00e1 pouco.<\/span><\/p>\n<p>&nbsp;<\/p>\n<p><span style=\"font-weight: 400\">O Fundo Monet\u00e1rio Internacional (FMI) reduziu, ontem, a sua proje\u00e7\u00e3o de crescimento do PIB brasileiro alegando piora consider\u00e1vel na confian\u00e7a. A taxa de expans\u00e3o estimada passou de 2,1% para 0,8%, ficando abaixo da mediana do mercado, de 0,82%. Um dado positivo de ontem veio da infla\u00e7\u00e3o, que est\u00e1 comportada e bem abaixo do centro da meta deste ano, de 4,25%, a necessidade de est\u00edmulos de curto prazo para que a economia volte a crescer torna-se vis\u00edvel. O IPCA-15 acumulado em 12 meses at\u00e9 a primeira metade de julho est\u00e1 rodando em 3,27%. N\u00e3o \u00e0 toa, aumentam as apostas de que o Banco Central ser\u00e1 mais agressivo e cortar\u00e1 a taxa b\u00e1sica da economia (Selic) em 0,5 ponto percentual, para 6% anuais, na pr\u00f3xima reuni\u00e3o do Comit\u00ea de Pol\u00edtica Monet\u00e1ria (Copom) nos dias 30 e 31 deste m\u00eas.\u00a0<\/span><\/p>\n<p>&nbsp;<\/p>\n<p><span style=\"font-weight: 400\">Contudo, h\u00e1 uma preocupa\u00e7\u00e3o em rela\u00e7\u00e3o ao governo e sua falta de articula\u00e7\u00e3o pol\u00edtica, que pode atrapalhar o processo de recupera\u00e7\u00e3o da economia. Apesar de alguns analistas evitarem tocar no assunto, eles reconhecem que as declara\u00e7\u00f5es desastrosas do presidente Jair Bolsonaro em rela\u00e7\u00e3o aos governadores do Nordeste e a insist\u00eancia em colocar o filho Eduardo para comandar a Embaixada dos Estados Unidos, na contram\u00e3o dos costumes da diplomacia tradicional, podem sim gerar crises desnecess\u00e1rias na rela\u00e7\u00e3o entre o Legislativo e o Executivo nesta segunda metade do ano. Resta ver como \u00e9 que o chefe do Planalto vai se comportar nos pr\u00f3ximos meses para que as proje\u00e7\u00f5es de crescimento do PIB em 2020 parem de cair. Algumas j\u00e1 est\u00e3o abaixo de 2%.<\/span><\/p>\n","protected":false},"excerpt":{"rendered":"<p>ROSANA HESSEL Economia fraca e desemprego elevado n\u00e3o s\u00e3o est\u00edmulos para o consumo, at\u00e9 mesmo para o trabalhador que tem a sorte de estar com a carteira de trabalho assinada nesses tempos bicudos. Al\u00e9m disso, as incertezas pol\u00edticas em rela\u00e7\u00e3o ao clima da retomada dos trabalhos do Congresso ap\u00f3s o fim do recesso em agosto, [&hellip;]<\/p>\n","protected":false},"author":22,"featured_media":0,"comment_status":"open","ping_status":"closed","sticky":false,"template":"","format":"standard","meta":{"footnotes":""},"categories":[600],"tags":[706,335,589,507,535,3579,58],"class_list":["post-11419","post","type-post","status-publish","format-standard","hentry","category-economia","tag-cni","tag-confianca","tag-economia","tag-fgts","tag-fgv","tag-incerteza","tag-pib"],"_links":{"self":[{"href":"https:\/\/blogs.correiobraziliense.com.br\/vicente\/wp-json\/wp\/v2\/posts\/11419","targetHints":{"allow":["GET"]}}],"collection":[{"href":"https:\/\/blogs.correiobraziliense.com.br\/vicente\/wp-json\/wp\/v2\/posts"}],"about":[{"href":"https:\/\/blogs.correiobraziliense.com.br\/vicente\/wp-json\/wp\/v2\/types\/post"}],"author":[{"embeddable":true,"href":"https:\/\/blogs.correiobraziliense.com.br\/vicente\/wp-json\/wp\/v2\/users\/22"}],"replies":[{"embeddable":true,"href":"https:\/\/blogs.correiobraziliense.com.br\/vicente\/wp-json\/wp\/v2\/comments?post=11419"}],"version-history":[{"count":2,"href":"https:\/\/blogs.correiobraziliense.com.br\/vicente\/wp-json\/wp\/v2\/posts\/11419\/revisions"}],"predecessor-version":[{"id":11421,"href":"https:\/\/blogs.correiobraziliense.com.br\/vicente\/wp-json\/wp\/v2\/posts\/11419\/revisions\/11421"}],"wp:attachment":[{"href":"https:\/\/blogs.correiobraziliense.com.br\/vicente\/wp-json\/wp\/v2\/media?parent=11419"}],"wp:term":[{"taxonomy":"category","embeddable":true,"href":"https:\/\/blogs.correiobraziliense.com.br\/vicente\/wp-json\/wp\/v2\/categories?post=11419"},{"taxonomy":"post_tag","embeddable":true,"href":"https:\/\/blogs.correiobraziliense.com.br\/vicente\/wp-json\/wp\/v2\/tags?post=11419"}],"curies":[{"name":"wp","href":"https:\/\/api.w.org\/{rel}","templated":true}]}}