{"id":11404,"date":"2019-07-23T10:29:03","date_gmt":"2019-07-23T13:29:03","guid":{"rendered":"https:\/\/blogs.correiobraziliense.com.br\/vicente\/?p=11404"},"modified":"2019-07-23T17:36:13","modified_gmt":"2019-07-23T20:36:13","slug":"a-dependencia-de-terceiros-depois-da-aposentadoria","status":"publish","type":"post","link":"https:\/\/blogs.correiobraziliense.com.br\/vicente\/a-dependencia-de-terceiros-depois-da-aposentadoria\/","title":{"rendered":"A depend\u00eancia de terceiros depois da aposentadoria"},"content":{"rendered":"<h2>HAMILTON FERRARI<\/h2>\n<h2><\/h2>\n<h2>Ningu\u00e9m quer envelhecer dependendo de outras pessoas. Mas, infelizmente, nem sempre \u00e9 poss\u00edvel. N\u00e3o por acaso, depender de outras pessoas \u00e9 algo que preocupa o brasileiro na hora de se aposentar.<\/h2>\n<p>&nbsp;<\/p>\n<p>Recorte da Pesquisa de Preparo para a Aposentadoria, conduzida pelo Instituto de Longevidade Mongeral Aegon, aponta que 19% dos trabalhadores brasileiros com alta exig\u00eancia f\u00edsica (profissionais de \u00e1reas como agricultura, constru\u00e7\u00e3o civil, equipes de emerg\u00eancias, entre outras) associam a aposentadoria \u00e0 depend\u00eancia de terceiros.<\/p>\n<p>&nbsp;<\/p>\n<p>E os motivos para se preocupar n\u00e3o acabam por a\u00ed: para 42% dos trabalhadores brasileiros desses segmentos, a poss\u00edvel redu\u00e7\u00e3o dos benef\u00edcios da previd\u00eancia p\u00fablica \u00e9 uma das tend\u00eancias globais que mais afeta seu planejamento de aposentadoria.<\/p>\n<p>&nbsp;<\/p>\n<p>\u201c\u00c9 necess\u00e1rio que esses indiv\u00edduos assumam cada vez mais responsabilidade para poupar, investir, planejar e, em \u00faltima an\u00e1lise, autofinanciar uma parte maior da renda de aposentadoria. O mundo est\u00e1 se reinventando, na busca para manter sistemas de previd\u00eancia sustent\u00e1veis que ofere\u00e7am dignidade \u00e0s pessoas na hora de envelhecer e se aposentar\u201d, comenta Leandro Palmeira, diretor de Pesquisa do Instituto de Longevidade Mongeral Aegon, respons\u00e1vel pelo estudo no pa\u00eds.<\/p>\n<p>&nbsp;<\/p>\n<p><em>Bras\u00edlia, 10h29min<\/em><\/p>\n","protected":false},"excerpt":{"rendered":"<p>HAMILTON FERRARI Ningu\u00e9m quer envelhecer dependendo de outras pessoas. Mas, infelizmente, nem sempre \u00e9 poss\u00edvel. N\u00e3o por acaso, depender de outras pessoas \u00e9 algo que preocupa o brasileiro na hora de se aposentar. &nbsp; Recorte da Pesquisa de Preparo para a Aposentadoria, conduzida pelo Instituto de Longevidade Mongeral Aegon, aponta que 19% dos trabalhadores brasileiros [&hellip;]<\/p>\n","protected":false},"author":22,"featured_media":0,"comment_status":"open","ping_status":"closed","sticky":false,"template":"","format":"standard","meta":{"footnotes":""},"categories":[600],"tags":[430,838,4027,4026],"class_list":["post-11404","post","type-post","status-publish","format-standard","hentry","category-economia","tag-aposentadoria","tag-dependencia","tag-mongerals","tag-terceiros"],"_links":{"self":[{"href":"https:\/\/blogs.correiobraziliense.com.br\/vicente\/wp-json\/wp\/v2\/posts\/11404","targetHints":{"allow":["GET"]}}],"collection":[{"href":"https:\/\/blogs.correiobraziliense.com.br\/vicente\/wp-json\/wp\/v2\/posts"}],"about":[{"href":"https:\/\/blogs.correiobraziliense.com.br\/vicente\/wp-json\/wp\/v2\/types\/post"}],"author":[{"embeddable":true,"href":"https:\/\/blogs.correiobraziliense.com.br\/vicente\/wp-json\/wp\/v2\/users\/22"}],"replies":[{"embeddable":true,"href":"https:\/\/blogs.correiobraziliense.com.br\/vicente\/wp-json\/wp\/v2\/comments?post=11404"}],"version-history":[{"count":1,"href":"https:\/\/blogs.correiobraziliense.com.br\/vicente\/wp-json\/wp\/v2\/posts\/11404\/revisions"}],"predecessor-version":[{"id":11405,"href":"https:\/\/blogs.correiobraziliense.com.br\/vicente\/wp-json\/wp\/v2\/posts\/11404\/revisions\/11405"}],"wp:attachment":[{"href":"https:\/\/blogs.correiobraziliense.com.br\/vicente\/wp-json\/wp\/v2\/media?parent=11404"}],"wp:term":[{"taxonomy":"category","embeddable":true,"href":"https:\/\/blogs.correiobraziliense.com.br\/vicente\/wp-json\/wp\/v2\/categories?post=11404"},{"taxonomy":"post_tag","embeddable":true,"href":"https:\/\/blogs.correiobraziliense.com.br\/vicente\/wp-json\/wp\/v2\/tags?post=11404"}],"curies":[{"name":"wp","href":"https:\/\/api.w.org\/{rel}","templated":true}]}}