{"id":11390,"date":"2019-07-23T15:05:23","date_gmt":"2019-07-23T18:05:23","guid":{"rendered":"https:\/\/blogs.correiobraziliense.com.br\/vicente\/?p=11390"},"modified":"2019-07-23T20:53:56","modified_gmt":"2019-07-23T23:53:56","slug":"fgts-liberara-r-28-bilhoes-neste-ano-e-r-12-bilhoes-em-2020","status":"publish","type":"post","link":"https:\/\/blogs.correiobraziliense.com.br\/vicente\/fgts-liberara-r-28-bilhoes-neste-ano-e-r-12-bilhoes-em-2020\/","title":{"rendered":"FGTS liberar\u00e1 R$ 28 bilh\u00f5es neste ano e R$ 12 bilh\u00f5es em 2020"},"content":{"rendered":"<h2>HAMILTON FERRARI<\/h2>\n<h2><\/h2>\n<h2>A equipe econ\u00f4mica bateu o martelo no projeto que ser\u00e1 apresentado ainda nesta ter\u00e7a-feira (23 de julho), ao presidente Jair Bolsonaro. Se tudo correr como o programado, ser\u00e3o liberados, neste ano, R$ 28 bilh\u00f5es para saques de contas ativas e inativas do Fundo de Garantia do Tempo de Servi\u00e7o (FGTS).<\/h2>\n<p>&nbsp;<\/p>\n<p>Outros R$ 12 bilh\u00f5es est\u00e3o previstos para saques em 2020, seguindo as regras definidas de libera\u00e7\u00e3o de recursos na data de anivers\u00e1rio do trabalhador. O governo acredita que esse dinheiro dar\u00e1 um pequeno g\u00e1s ao consumo, mas \u00e9 o que pode ser liberado com prud\u00eancia para n\u00e3o descapitalizar o fundo.<\/p>\n<p>&nbsp;<\/p>\n<p>Tamb\u00e9m est\u00e1 previsto para este ano a libera\u00e7\u00e3o de R$ 2 bilh\u00f5es do PIS-Pasep, o que totalizar\u00e1 os R$ 30 bilh\u00f5es que a equipe econ\u00f4mica tinha previsto injetar na economia no in\u00edcio dos estudos sobre uso do FGTS como instrumento de est\u00edmulo ao consumo. Ao todo, at\u00e9 o fim de 2020, ser\u00e3o liberados R$ 42 bilh\u00f5es.<\/p>\n<p>&nbsp;<\/p>\n<p><strong>Lucros<\/strong><\/p>\n<p>&nbsp;<\/p>\n<p>Pelo que definiu o governo, neste ano, os saques devem ser de at\u00e9 R$ 500 por trabalhador. Pelo dados do IBGE, exitem hoje 99,7 milh\u00f5es de contas ativas. \u00c9 importante lembrar que um trabalhador pode ter mais de uma conta. Mas, mesmo nesses casos, o limite ser\u00e1 de at\u00e9 R$ 500.<\/p>\n<p>&nbsp;<\/p>\n<p>A partir de 2020, os saques v\u00e3o variar de acordo com o valor do saldo em conta. Segundo a equipe econ\u00f4mica, os trabalhadores que tiverem mais recursos em conta ter\u00e3o um percentual menor liberado. Assim, os saques poder\u00e3o variar entre 10% e 35% do total registrado no fundo.<\/p>\n<p>&nbsp;<\/p>\n<p>Outra boa not\u00edcia \u00e9 que 100% dos lucros registrados pelo FGTS ser\u00e3o distribu\u00eddos entre os trabalhadores. Desde 2017, 50% dos ganhos dos fundos v\u00eam sendo rateados entre os cotistas do FGTS. Esses recursos, por sinal, t\u00eam sido fundamentais para aumentar a rentabilidade do fundo.<\/p>\n<p>&nbsp;<\/p>\n<p>No ano passado, o rendimento acumulado foi superior a 5%, ganhando da caderneta de poupan\u00e7a. Por lei, o FGTS paga 3% de juros mais a varia\u00e7\u00e3o da TR. Com a reparti\u00e7\u00e3o dos lucros, esse rendimento aumenta consideravelmente. O lucro do FGTS de 2018 ser\u00e1 anunciado nos pr\u00f3ximos dias.<\/p>\n<p>&nbsp;<\/p>\n<p><em>Bras\u00edlia, 15h05min<\/em><\/p>\n","protected":false},"excerpt":{"rendered":"<p>HAMILTON FERRARI A equipe econ\u00f4mica bateu o martelo no projeto que ser\u00e1 apresentado ainda nesta ter\u00e7a-feira (23 de julho), ao presidente Jair Bolsonaro. Se tudo correr como o programado, ser\u00e3o liberados, neste ano, R$ 28 bilh\u00f5es para saques de contas ativas e inativas do Fundo de Garantia do Tempo de Servi\u00e7o (FGTS). &nbsp; Outros R$ [&hellip;]<\/p>\n","protected":false},"author":22,"featured_media":11400,"comment_status":"open","ping_status":"closed","sticky":false,"template":"","format":"standard","meta":{"footnotes":""},"categories":[600],"tags":[],"class_list":["post-11390","post","type-post","status-publish","format-standard","has-post-thumbnail","hentry","category-economia"],"_links":{"self":[{"href":"https:\/\/blogs.correiobraziliense.com.br\/vicente\/wp-json\/wp\/v2\/posts\/11390","targetHints":{"allow":["GET"]}}],"collection":[{"href":"https:\/\/blogs.correiobraziliense.com.br\/vicente\/wp-json\/wp\/v2\/posts"}],"about":[{"href":"https:\/\/blogs.correiobraziliense.com.br\/vicente\/wp-json\/wp\/v2\/types\/post"}],"author":[{"embeddable":true,"href":"https:\/\/blogs.correiobraziliense.com.br\/vicente\/wp-json\/wp\/v2\/users\/22"}],"replies":[{"embeddable":true,"href":"https:\/\/blogs.correiobraziliense.com.br\/vicente\/wp-json\/wp\/v2\/comments?post=11390"}],"version-history":[{"count":10,"href":"https:\/\/blogs.correiobraziliense.com.br\/vicente\/wp-json\/wp\/v2\/posts\/11390\/revisions"}],"predecessor-version":[{"id":11416,"href":"https:\/\/blogs.correiobraziliense.com.br\/vicente\/wp-json\/wp\/v2\/posts\/11390\/revisions\/11416"}],"wp:featuredmedia":[{"embeddable":true,"href":"https:\/\/blogs.correiobraziliense.com.br\/vicente\/wp-json\/wp\/v2\/media\/11400"}],"wp:attachment":[{"href":"https:\/\/blogs.correiobraziliense.com.br\/vicente\/wp-json\/wp\/v2\/media?parent=11390"}],"wp:term":[{"taxonomy":"category","embeddable":true,"href":"https:\/\/blogs.correiobraziliense.com.br\/vicente\/wp-json\/wp\/v2\/categories?post=11390"},{"taxonomy":"post_tag","embeddable":true,"href":"https:\/\/blogs.correiobraziliense.com.br\/vicente\/wp-json\/wp\/v2\/tags?post=11390"}],"curies":[{"name":"wp","href":"https:\/\/api.w.org\/{rel}","templated":true}]}}