{"id":11388,"date":"2019-07-23T15:12:02","date_gmt":"2019-07-23T18:12:02","guid":{"rendered":"https:\/\/blogs.correiobraziliense.com.br\/vicente\/?p=11388"},"modified":"2019-07-23T15:12:02","modified_gmt":"2019-07-23T18:12:02","slug":"caixa-vai-ofertar-r-75-bi-em-credito-rural-no-ano-safra-2019-2020","status":"publish","type":"post","link":"https:\/\/blogs.correiobraziliense.com.br\/vicente\/caixa-vai-ofertar-r-75-bi-em-credito-rural-no-ano-safra-2019-2020\/","title":{"rendered":"Caixa vai ofertar R$ 7,5 bi em cr\u00e9dito rural no ano safra 2019-2020"},"content":{"rendered":"<h2>HAMILTON FERRARI<\/h2>\n<h2><\/h2>\n<h2>A Caixa Econ\u00f4mica Federal disponibilizar\u00e1 R$ 7,5 bilh\u00f5es para o cr\u00e9dito rural no ano safra 2019 e 2020. O volume de recursos \u00e9 50% maior do que foi oferecido em 2018. O financiamento vale para produtores rurais, cooperativas e agroind\u00fastria.<\/h2>\n<p>&nbsp;<\/p>\n<p>O dinheiro \u00e9 usado para custear opera\u00e7\u00f5es, investimentos, comercializa\u00e7\u00e3o e industrializa\u00e7\u00e3o. De acordo com a Caixa, a aplica\u00e7\u00e3o de recursos neste ano safra ter\u00e1 grande disponibilidade de &#8220;recursos obrigat\u00f3rios&#8221;.<\/p>\n<p>&nbsp;<\/p>\n<p>Mais de R$ 4 bilh\u00f5es v\u00e3o para cooperativas e agroind\u00fastrias, com taxas de juros especiais e customizadas. &#8220;O destaque \u00e9 a linha de industrializa\u00e7\u00e3o, em que a Caixa pretende aplicar mais de R$ 2,5 bilh\u00f5es neste ano safra, ante os R$ 1,69 bilh\u00e3o aplicados no ano safra 18\/19&#8221;, informou.<\/p>\n<p>&nbsp;<\/p>\n<p>A Caixa tamb\u00e9m deve aplicar R$ 1 bilh\u00e3o em Programa Nacional de Apoio ao M\u00e9dio Produtor Rural (Pronamp). A quantia \u00e9 93,5% superior ao ano safra anterior. &#8220;Para esta Safra, foi inclu\u00edda a linha de Pronamp investimento, com limite de at\u00e9 R$430 mil por benefici\u00e1rio, com taxa efetiva de juros prefixada de at\u00e9 7,0% ao ano e prazos de reembolso de acordo com o projeto financiado&#8221;, explicou o banco.<\/p>\n<p>&nbsp;<\/p>\n<p>O vice-presidente de Modelos de Varejo da Caixa, Julio Volpp, disse que a safra ser\u00e1 um marco na atua\u00e7\u00e3o da institui\u00e7\u00e3o no segmento. \u201cO compromisso da Caixa \u00e9 ser um agente p\u00fablico que atua na concretiza\u00e7\u00e3o da pol\u00edtica agr\u00edcola estabelecida pelo Governo Federal. Nossa atua\u00e7\u00e3o preza em atender o cliente em todo o ciclo produtivo de forma sustent\u00e1vel, ofertando o cr\u00e9dito no momento adequado para o produtor\u201d, destacou.<\/p>\n<p>&nbsp;<\/p>\n<p>Para este ano safra, a Caixa pretende ainda ampliar a atua\u00e7\u00e3o com a diversifica\u00e7\u00e3o da fonte de recursos, sendo uma delas a Letra de Cr\u00e9dito Agr\u00edcola (LCA), em que h\u00e1 a pretens\u00e3o de aplicar mais de R$ 1,5 bilh\u00e3o para as linhas de custeio.<\/p>\n<p>&nbsp;<\/p>\n<p><em>Bras\u00edlia, 15h10min<\/em><\/p>\n","protected":false},"excerpt":{"rendered":"<p>HAMILTON FERRARI A Caixa Econ\u00f4mica Federal disponibilizar\u00e1 R$ 7,5 bilh\u00f5es para o cr\u00e9dito rural no ano safra 2019 e 2020. O volume de recursos \u00e9 50% maior do que foi oferecido em 2018. O financiamento vale para produtores rurais, cooperativas e agroind\u00fastria. &nbsp; O dinheiro \u00e9 usado para custear opera\u00e7\u00f5es, investimentos, comercializa\u00e7\u00e3o e industrializa\u00e7\u00e3o. De [&hellip;]<\/p>\n","protected":false},"author":22,"featured_media":0,"comment_status":"open","ping_status":"closed","sticky":false,"template":"","format":"standard","meta":{"footnotes":""},"categories":[600],"tags":[2592,110,103,905,4022,824],"class_list":["post-11388","post","type-post","status-publish","format-standard","hentry","category-economia","tag-banco","tag-caixa","tag-credito","tag-financiamento","tag-rural","tag-safra"],"_links":{"self":[{"href":"https:\/\/blogs.correiobraziliense.com.br\/vicente\/wp-json\/wp\/v2\/posts\/11388","targetHints":{"allow":["GET"]}}],"collection":[{"href":"https:\/\/blogs.correiobraziliense.com.br\/vicente\/wp-json\/wp\/v2\/posts"}],"about":[{"href":"https:\/\/blogs.correiobraziliense.com.br\/vicente\/wp-json\/wp\/v2\/types\/post"}],"author":[{"embeddable":true,"href":"https:\/\/blogs.correiobraziliense.com.br\/vicente\/wp-json\/wp\/v2\/users\/22"}],"replies":[{"embeddable":true,"href":"https:\/\/blogs.correiobraziliense.com.br\/vicente\/wp-json\/wp\/v2\/comments?post=11388"}],"version-history":[{"count":1,"href":"https:\/\/blogs.correiobraziliense.com.br\/vicente\/wp-json\/wp\/v2\/posts\/11388\/revisions"}],"predecessor-version":[{"id":11389,"href":"https:\/\/blogs.correiobraziliense.com.br\/vicente\/wp-json\/wp\/v2\/posts\/11388\/revisions\/11389"}],"wp:attachment":[{"href":"https:\/\/blogs.correiobraziliense.com.br\/vicente\/wp-json\/wp\/v2\/media?parent=11388"}],"wp:term":[{"taxonomy":"category","embeddable":true,"href":"https:\/\/blogs.correiobraziliense.com.br\/vicente\/wp-json\/wp\/v2\/categories?post=11388"},{"taxonomy":"post_tag","embeddable":true,"href":"https:\/\/blogs.correiobraziliense.com.br\/vicente\/wp-json\/wp\/v2\/tags?post=11388"}],"curies":[{"name":"wp","href":"https:\/\/api.w.org\/{rel}","templated":true}]}}