{"id":11372,"date":"2019-07-18T18:02:46","date_gmt":"2019-07-18T21:02:46","guid":{"rendered":"https:\/\/blogs.correiobraziliense.com.br\/vicente\/?p=11372"},"modified":"2019-07-18T18:04:26","modified_gmt":"2019-07-18T21:04:26","slug":"apreensoes-de-cocaina-pela-receita-federal-sobem-91","status":"publish","type":"post","link":"https:\/\/blogs.correiobraziliense.com.br\/vicente\/apreensoes-de-cocaina-pela-receita-federal-sobem-91\/","title":{"rendered":"Apreens\u00f5es de coca\u00edna pela Receita Federal sobem 91%"},"content":{"rendered":"<h2>RENATO SOUZA<\/h2>\n<h2><\/h2>\n<h2>Dados levantados pela Receita Federal, e repassados com exclusividade ao <strong>Blog<\/strong>, mostram que as apreens\u00f5es de drogas cresceram de forma significativa nos portos, aeroportos e estradas brasileiras. Nos primeiros seis meses deste ano, foram apreendidas 25 toneladas de coca\u00edna, frente a 13 toneladas no mesmo per\u00edodo de 2018 \u2014 uma eleva\u00e7\u00e3o de 91,7%.<\/h2>\n<p>&nbsp;<\/p>\n<p>Em rela\u00e7\u00e3o \u00e0 maconha, o aumento no volume de droga encontrada pela fiscaliza\u00e7\u00e3o foi ainda maior: 159%, Nos primeiros seis meses de 2018, foram 3,9 toneladas da droga, frente a 10,2 toneladas neste ano. No caso da apreens\u00e3o de entorpecentes, a Pol\u00edcia Federal tamb\u00e9m \u00e9 chamada para participar das a\u00e7\u00f5es, pois, de acordo com a legisla\u00e7\u00e3o, cabe \u00e0 corpora\u00e7\u00e3o a guarda do conte\u00fado encontrado.<\/p>\n<p>&nbsp;<\/p>\n<blockquote><p>&#8220;Receita Federal tamb\u00e9m registrou eleva\u00e7\u00e3o na apreens\u00e3o de maconha e de mercadorias ilegais&#8221;<\/p><\/blockquote>\n<p>&nbsp;<\/p>\n<p>&nbsp;<\/p>\n<p>Mas n\u00e3o \u00e9 apenas o tr\u00e1fico de drogas que est\u00e1 dando mais trabalho \u00e0s autoridades.\u00a0 Nos primeiros seis meses deste ano, o total de produtos ilegais apreendidos chegou a R$ 1,5 bilh\u00e3o, frente a R$ 1,1 bilh\u00e3o no mesmo per\u00edodo do ano anterior.<\/p>\n<p>&nbsp;<\/p>\n<p>Os brinquedos que n\u00e3o t\u00eam registro lideram a lista, representando R$ 60,4 milh\u00f5es do valor total dos bens apreendidos. Em seguida, apareceram pe\u00e7as de vestu\u00e1rio (R$ 58,9 milh\u00f5es) e eletroeletr\u00f4nicos (R$ 37,2 milh\u00f5es).<\/p>\n<p>&nbsp;<\/p>\n<p>A Receita credita o aumento de apreens\u00f5es ao investimento em tecnologia, capacita\u00e7\u00e3o dos servidores, experi\u00eancia dos envolvidos e parcerias com outros \u00f3rg\u00e3os, como a Marinha do Brasil, a Pol\u00edcia Rodovi\u00e1ria Federal e as pol\u00edcias estaduais.<\/p>\n<p>&nbsp;<\/p>\n<p><em>Bras\u00edlia, 18h02min<\/em><\/p>\n","protected":false},"excerpt":{"rendered":"<p>RENATO SOUZA Dados levantados pela Receita Federal, e repassados com exclusividade ao Blog, mostram que as apreens\u00f5es de drogas cresceram de forma significativa nos portos, aeroportos e estradas brasileiras. Nos primeiros seis meses deste ano, foram apreendidas 25 toneladas de coca\u00edna, frente a 13 toneladas no mesmo per\u00edodo de 2018 \u2014 uma eleva\u00e7\u00e3o de 91,7%. [&hellip;]<\/p>\n","protected":false},"author":22,"featured_media":0,"comment_status":"open","ping_status":"closed","sticky":false,"template":"","format":"standard","meta":{"footnotes":""},"categories":[600],"tags":[4017,4018,3148,4019,660],"class_list":["post-11372","post","type-post","status-publish","format-standard","hentry","category-economia","tag-apreensoes","tag-cocaina","tag-drogas","tag-maconha","tag-receita"],"_links":{"self":[{"href":"https:\/\/blogs.correiobraziliense.com.br\/vicente\/wp-json\/wp\/v2\/posts\/11372","targetHints":{"allow":["GET"]}}],"collection":[{"href":"https:\/\/blogs.correiobraziliense.com.br\/vicente\/wp-json\/wp\/v2\/posts"}],"about":[{"href":"https:\/\/blogs.correiobraziliense.com.br\/vicente\/wp-json\/wp\/v2\/types\/post"}],"author":[{"embeddable":true,"href":"https:\/\/blogs.correiobraziliense.com.br\/vicente\/wp-json\/wp\/v2\/users\/22"}],"replies":[{"embeddable":true,"href":"https:\/\/blogs.correiobraziliense.com.br\/vicente\/wp-json\/wp\/v2\/comments?post=11372"}],"version-history":[{"count":2,"href":"https:\/\/blogs.correiobraziliense.com.br\/vicente\/wp-json\/wp\/v2\/posts\/11372\/revisions"}],"predecessor-version":[{"id":11374,"href":"https:\/\/blogs.correiobraziliense.com.br\/vicente\/wp-json\/wp\/v2\/posts\/11372\/revisions\/11374"}],"wp:attachment":[{"href":"https:\/\/blogs.correiobraziliense.com.br\/vicente\/wp-json\/wp\/v2\/media?parent=11372"}],"wp:term":[{"taxonomy":"category","embeddable":true,"href":"https:\/\/blogs.correiobraziliense.com.br\/vicente\/wp-json\/wp\/v2\/categories?post=11372"},{"taxonomy":"post_tag","embeddable":true,"href":"https:\/\/blogs.correiobraziliense.com.br\/vicente\/wp-json\/wp\/v2\/tags?post=11372"}],"curies":[{"name":"wp","href":"https:\/\/api.w.org\/{rel}","templated":true}]}}