{"id":11354,"date":"2019-07-17T18:26:33","date_gmt":"2019-07-17T21:26:33","guid":{"rendered":"https:\/\/blogs.correiobraziliense.com.br\/vicente\/?p=11354"},"modified":"2019-07-17T18:26:33","modified_gmt":"2019-07-17T21:26:33","slug":"ems-e-condenada-por-comercializar-produto-suspenso-pela-anvisa","status":"publish","type":"post","link":"https:\/\/blogs.correiobraziliense.com.br\/vicente\/ems-e-condenada-por-comercializar-produto-suspenso-pela-anvisa\/","title":{"rendered":"EMS \u00e9 condenada por comercializar produto suspenso pela Anvisa"},"content":{"rendered":"<h2>HAMILTON FERRARI<\/h2>\n<h2><\/h2>\n<h2>A 39\u00aa Vara C\u00edvel da Capital do Rio de Janeiro condenou a ind\u00fastria farmac\u00eautica EMS a indenizar uma fam\u00edlia no valor de R$ 36 mil pela venda de medicamento suspenso pela Ag\u00eancia Nacional de Vigil\u00e2ncia Sanit\u00e1ria (Anvisa). O produto foi utilizado por uma crian\u00e7a de um ano e sete meses que teve o quadro de pneumonia agravado.<\/h2>\n<h2><\/h2>\n<p>A menina foi levada ao pediatra porque estava com sintomas de febre constante e tosse, sendo diagnosticada com a doen\u00e7a. Ap\u00f3s o uso do rem\u00e9dio gen\u00e9rico Claritromicina, prescrito pelo m\u00e9dico, a crian\u00e7a passou a ter os sintomas agravados.<\/p>\n<p>&nbsp;<\/p>\n<p>O com\u00e9rcio, uso e distribui\u00e7\u00e3o da medica\u00e7\u00e3o, fabricada pela EMS, estavam suspensos pela ag\u00eancia reguladora, que constatou que a concentra\u00e7\u00e3o da subst\u00e2ncia Claritromicina era de apenas 68,1%, porcentagem menor informada na bula.<\/p>\n<p>&nbsp;<\/p>\n<p>A advogada Lucia Mugayar Wambier, especialista em responsabilidade civil, conta que a crian\u00e7a melhorou somente ap\u00f3s o uso de antibi\u00f3tico de outra marca. \u201cUma crian\u00e7a dessa idade corre o risco de ter o quadro muito agravado, podendo at\u00e9 contrair uma meningite\u201d, alegou.<\/p>\n<p>&nbsp;<\/p>\n<p>Os pais e a filha passaram por momentos dif\u00edceis, de tens\u00e3o. A decis\u00e3o do juiz Luiz Antonio Valiera do Nascimento destacou que nenhuma prova foi produzida pela empresa EMS para se isentar da responsabilidade. Os documentos da Anvisa confirmavam o defeito do medicamento produzido e comercializado.<\/p>\n<p>&nbsp;<\/p>\n<p>De acordo com a advogada, depois de detectado o princ\u00edpio ativo, foi determinada a retirada do medicamento do com\u00e9rcio, mas a empresa n\u00e3o tomou provid\u00eancias, o que propiciou que a crian\u00e7a tivesse acesso ao rem\u00e9dio. Lucia alegou que adquirir medicamento que n\u00e3o atinge os patamares m\u00ednimos de exig\u00eancia para surtirem os efeitos esperados, principalmente para ser ministrado em filho menor de idade, causa evidente dano moral.<\/p>\n<p>&nbsp;<\/p>\n<p>A Anvisa comunicou que a medica\u00e7\u00e3o teve a distribui\u00e7\u00e3o, comercializa\u00e7\u00e3o e uso suspensos pela insatisfa\u00e7\u00e3o de teor do princ\u00edpio ativo ap\u00f3s an\u00e1lise feita pela Funda\u00e7\u00e3o Ezequiel Dias.<\/p>\n<p>&nbsp;<\/p>\n<p><em>Bras\u00edlia, 18h24min<\/em><\/p>\n","protected":false},"excerpt":{"rendered":"<p>HAMILTON FERRARI A 39\u00aa Vara C\u00edvel da Capital do Rio de Janeiro condenou a ind\u00fastria farmac\u00eautica EMS a indenizar uma fam\u00edlia no valor de R$ 36 mil pela venda de medicamento suspenso pela Ag\u00eancia Nacional de Vigil\u00e2ncia Sanit\u00e1ria (Anvisa). O produto foi utilizado por uma crian\u00e7a de um ano e sete meses que teve o [&hellip;]<\/p>\n","protected":false},"author":22,"featured_media":0,"comment_status":"open","ping_status":"closed","sticky":false,"template":"","format":"standard","meta":{"footnotes":""},"categories":[600],"tags":[3493,282,3405,3691,4012],"class_list":["post-11354","post","type-post","status-publish","format-standard","hentry","category-economia","tag-ems","tag-justica","tag-medicamento","tag-pneumonia","tag-remedio"],"_links":{"self":[{"href":"https:\/\/blogs.correiobraziliense.com.br\/vicente\/wp-json\/wp\/v2\/posts\/11354","targetHints":{"allow":["GET"]}}],"collection":[{"href":"https:\/\/blogs.correiobraziliense.com.br\/vicente\/wp-json\/wp\/v2\/posts"}],"about":[{"href":"https:\/\/blogs.correiobraziliense.com.br\/vicente\/wp-json\/wp\/v2\/types\/post"}],"author":[{"embeddable":true,"href":"https:\/\/blogs.correiobraziliense.com.br\/vicente\/wp-json\/wp\/v2\/users\/22"}],"replies":[{"embeddable":true,"href":"https:\/\/blogs.correiobraziliense.com.br\/vicente\/wp-json\/wp\/v2\/comments?post=11354"}],"version-history":[{"count":1,"href":"https:\/\/blogs.correiobraziliense.com.br\/vicente\/wp-json\/wp\/v2\/posts\/11354\/revisions"}],"predecessor-version":[{"id":11360,"href":"https:\/\/blogs.correiobraziliense.com.br\/vicente\/wp-json\/wp\/v2\/posts\/11354\/revisions\/11360"}],"wp:attachment":[{"href":"https:\/\/blogs.correiobraziliense.com.br\/vicente\/wp-json\/wp\/v2\/media?parent=11354"}],"wp:term":[{"taxonomy":"category","embeddable":true,"href":"https:\/\/blogs.correiobraziliense.com.br\/vicente\/wp-json\/wp\/v2\/categories?post=11354"},{"taxonomy":"post_tag","embeddable":true,"href":"https:\/\/blogs.correiobraziliense.com.br\/vicente\/wp-json\/wp\/v2\/tags?post=11354"}],"curies":[{"name":"wp","href":"https:\/\/api.w.org\/{rel}","templated":true}]}}