{"id":11344,"date":"2019-07-16T18:45:09","date_gmt":"2019-07-16T21:45:09","guid":{"rendered":"https:\/\/blogs.correiobraziliense.com.br\/vicente\/?p=11344"},"modified":"2019-07-16T18:47:02","modified_gmt":"2019-07-16T21:47:02","slug":"bolsonaro-deve-confirmar-indicacao-de-eduardo-para-embaixada-dos-eua-ate-o-fim-do-mes","status":"publish","type":"post","link":"https:\/\/blogs.correiobraziliense.com.br\/vicente\/bolsonaro-deve-confirmar-indicacao-de-eduardo-para-embaixada-dos-eua-ate-o-fim-do-mes\/","title":{"rendered":"Bolsonaro deve confirmar indica\u00e7\u00e3o de Eduardo para embaixada dos EUA at\u00e9 o fim do m\u00eas"},"content":{"rendered":"<p>AUGUSTO FERNANDES<\/p>\n<p>O presidente Jair Bolsonaro tem &#8220;90% de certeza&#8221; quanto \u00e0 indica\u00e7\u00e3o do filho Eduardo Bolsonaro para ser o embaixador do Brasil em Washington, capital dos Estados Unidos, e apresentar\u00e1 o nome do congressista \u00e0 Comiss\u00e3o de Rela\u00e7\u00f5es Exteriores (CRE) do Senado at\u00e9 o fim de julho. \u00c9 o que afirmou nesta ter\u00e7a-feira (16\/7) a deputada Carla Zambelli (PSL-SP), ap\u00f3s reuni\u00e3o com o chefe do Executivo federal no Pal\u00e1cio do Planalto.<\/p>\n<p>&nbsp;<\/p>\n<p>O que resta para os 100% \u00e9 apenas o an\u00fancio oficial ao Senado, que precisa aprovar a indica\u00e7\u00e3o tanto na CRE quanto no Plen\u00e1rio da Casa para que Eduardo assuma a chefia da Embaixada do pa\u00eds nos EUA, ponderou Zambelli.\u00a0&#8220;N\u00e3o vai ser alterado o corpo diplom\u00e1tico da Embaixada, o ideal \u00e9 que continue o mesmo. Mas o embaixador \u00e9 quem fala pelo presidente e fala sem ter que consult\u00e1-lo. \u00c9 um cargo muito importante, que exige \u00e0 pessoa que v\u00e1 para l\u00e1 que conhe\u00e7a muito bem o presidente. Da\u00ed a relev\u00e2ncia de ser algu\u00e9m que tenha muita afinidade (com o Bolsonaro)&#8221;, comentou.<\/p>\n<p>&nbsp;<\/p>\n<p>A deputada disse que Bolsonaro n\u00e3o cogita outro nome para indicar ao cargo diplom\u00e1tico, em caso de Eduardo ser recusado pelos senadores. De qualquer forma, o presidente entende que a escolha de um embaixador &#8220;\u00e9 do presidente da Rep\u00fablica, mas que tamb\u00e9m vai depender do Senado&#8221;.\u00a0&#8220;Se acontecer de ele n\u00e3o ser aprovado \u00e9 algo muito inusitado. Seria a primeira pessoa indicada para embaixador da hist\u00f3ria do Brasil a ser recusada pelo Senado. Mas acho muito dif\u00edcil que se negue o nome dele. Passando pela comiss\u00e3o, \u00e9 natural que se passe pelo Plen\u00e1rio&#8221;, analisou.<\/p>\n<p>&nbsp;<\/p>\n<p>Na avalia\u00e7\u00e3o de Bolsonaro, ainda de acordo com a deputada, a ideia de cogitar a indica\u00e7\u00e3o do filho \u00e0 Embaixada foi tomada no momento correto. Com o recesso dos parlamentares, e o consequente congelamento da vota\u00e7\u00e3o da reforma da Previd\u00eancia, o intervalo \u00e9 ideal para que os congressistas pensem sobre o nome de Eduardo ao cargo. &#8220;Esse \u00e9 o momento ideal, porque d\u00e1 tempo de as pessoas analisarem e discutirem que para esse cargo n\u00e3o \u00e9 necess\u00e1rio ser diplomata. Tem que avaliar o perfil t\u00e9cnico. E, tecnicamente, o Eduardo tem preparo&#8221;, afirmou a parlamentar.<\/p>\n","protected":false},"excerpt":{"rendered":"<p>AUGUSTO FERNANDES O presidente Jair Bolsonaro tem &#8220;90% de certeza&#8221; quanto \u00e0 indica\u00e7\u00e3o do filho Eduardo Bolsonaro para ser o embaixador do Brasil em Washington, capital dos Estados Unidos, e apresentar\u00e1 o nome do congressista \u00e0 Comiss\u00e3o de Rela\u00e7\u00f5es Exteriores (CRE) do Senado at\u00e9 o fim de julho. \u00c9 o que afirmou nesta ter\u00e7a-feira (16\/7) [&hellip;]<\/p>\n","protected":false},"author":22,"featured_media":11325,"comment_status":"open","ping_status":"closed","sticky":false,"template":"","format":"standard","meta":{"footnotes":""},"categories":[600],"tags":[2554,3872,4004,4005,363,3637,2922,4009],"class_list":["post-11344","post","type-post","status-publish","format-standard","has-post-thumbnail","hentry","category-economia","tag-bolsonaro","tag-carla-zambelli","tag-eduardo-bolsonaro","tag-embaixada","tag-estados-unidos","tag-eua","tag-jair-bolsonaro","tag-zambelli"],"_links":{"self":[{"href":"https:\/\/blogs.correiobraziliense.com.br\/vicente\/wp-json\/wp\/v2\/posts\/11344","targetHints":{"allow":["GET"]}}],"collection":[{"href":"https:\/\/blogs.correiobraziliense.com.br\/vicente\/wp-json\/wp\/v2\/posts"}],"about":[{"href":"https:\/\/blogs.correiobraziliense.com.br\/vicente\/wp-json\/wp\/v2\/types\/post"}],"author":[{"embeddable":true,"href":"https:\/\/blogs.correiobraziliense.com.br\/vicente\/wp-json\/wp\/v2\/users\/22"}],"replies":[{"embeddable":true,"href":"https:\/\/blogs.correiobraziliense.com.br\/vicente\/wp-json\/wp\/v2\/comments?post=11344"}],"version-history":[{"count":1,"href":"https:\/\/blogs.correiobraziliense.com.br\/vicente\/wp-json\/wp\/v2\/posts\/11344\/revisions"}],"predecessor-version":[{"id":11345,"href":"https:\/\/blogs.correiobraziliense.com.br\/vicente\/wp-json\/wp\/v2\/posts\/11344\/revisions\/11345"}],"wp:featuredmedia":[{"embeddable":true,"href":"https:\/\/blogs.correiobraziliense.com.br\/vicente\/wp-json\/wp\/v2\/media\/11325"}],"wp:attachment":[{"href":"https:\/\/blogs.correiobraziliense.com.br\/vicente\/wp-json\/wp\/v2\/media?parent=11344"}],"wp:term":[{"taxonomy":"category","embeddable":true,"href":"https:\/\/blogs.correiobraziliense.com.br\/vicente\/wp-json\/wp\/v2\/categories?post=11344"},{"taxonomy":"post_tag","embeddable":true,"href":"https:\/\/blogs.correiobraziliense.com.br\/vicente\/wp-json\/wp\/v2\/tags?post=11344"}],"curies":[{"name":"wp","href":"https:\/\/api.w.org\/{rel}","templated":true}]}}