{"id":11333,"date":"2019-07-16T10:38:32","date_gmt":"2019-07-16T13:38:32","guid":{"rendered":"https:\/\/blogs.correiobraziliense.com.br\/vicente\/?p=11333"},"modified":"2019-07-16T18:13:11","modified_gmt":"2019-07-16T21:13:11","slug":"secretaria-do-rio-apresenta-projetos-de-direitos-humanos-para-a-uniao","status":"publish","type":"post","link":"https:\/\/blogs.correiobraziliense.com.br\/vicente\/secretaria-do-rio-apresenta-projetos-de-direitos-humanos-para-a-uniao\/","title":{"rendered":"Secretaria do Rio apresenta projetos de Direitos Humanos para a Uni\u00e3o"},"content":{"rendered":"<h2>HAMILTON FERRARI<\/h2>\n<h2><\/h2>\n<h2>A secret\u00e1ria Estadual de Desenvolvimento Social e Direitos Humanos do Rio de Janeiro, Fabiana Bentes, apresenta, nesta quarta-feira (17\/7), programas para a \u00e1rea ao Minist\u00e9rio\u00a0da Mulher, Fam\u00edlia e Direitos Humanos. De acordo com ela, h\u00e1 &#8220;v\u00e1rios projetos&#8221; em comum que a Uni\u00e3o pode buscar regionalizar para a realidade de cada parte do Brasil.<\/h2>\n<p>&nbsp;<\/p>\n<p>A secret\u00e1ria vai falar de diversas a\u00e7\u00f5es com rela\u00e7\u00e3o a pauta da mulher, da intoler\u00e2ncia religiosa e tamb\u00e9m da in\u00e9dita coordenadoria de desaparecidos e de apoio aos familiares de agentes de seguran\u00e7a p\u00fablica v\u00edtimas da viol\u00eancia. Fabiana ter\u00e1 em m\u00e3os projetos voltados para o setor e resultados dos seis meses de interven\u00e7\u00e3o, que terminou na \u00faltima semana, sobre a Funda\u00e7\u00e3o para a Inf\u00e2ncia e Adolesc\u00eancia (FIA), autarquia subordinada \u00e0 Secretaria.<\/p>\n<p>&nbsp;<\/p>\n<p>Durante o per\u00edodo, os profissionais identificaram, por exemplo, que conv\u00eanios da funda\u00e7\u00e3o celebrados com institui\u00e7\u00f5es sem fins econ\u00f4micos para atender crian\u00e7as e adolescentes em situa\u00e7\u00e3o de vulnerabilidade n\u00e3o eram revisados desde 2012.<\/p>\n<p>&nbsp;<\/p>\n<p>&#8220;Esses seis meses serviram para que a funda\u00e7\u00e3o, com a interven\u00e7\u00e3o, se reposicionasse como autarquia leg\u00edtima do estado para cuidar da crian\u00e7a e do adolescente do Estado do Rio de Janeiro&#8221;, afirmou a secret\u00e1ria. O documento com as sugest\u00f5es para o futuro da autarquia traz em detalhes o que deve ser tirado do papel para que a FIA volte a ocupar o espa\u00e7o de relev\u00e2ncia que deve ter para crian\u00e7as e adolescentes em situa\u00e7\u00e3o de vulnerabilidade.<\/p>\n<p>&nbsp;<\/p>\n<p>&#8220;A minha maior preocupa\u00e7\u00e3o \u00e9 termos uma funda\u00e7\u00e3o fortalecida, com programas de atendimento \u00e0 crian\u00e7a e ao adolescente com diversas parcerias. Al\u00e9m disso, a Funda\u00e7\u00e3o precisa estar apta para receber recursos da iniciativa privada para investirmos em p\u00f3los espalhados pelo estado, e est\u00e1 tudo abandonado. Essa situa\u00e7\u00e3o precisar ser revertida porque estamos deixando aberta a porta da vulnerabilidade social&#8221;, resumiu Bentes.<\/p>\n<p>&nbsp;<\/p>\n<p>De acordo com a pastas, nos seis primeiros meses deste ano, Fabiana Bentes abriu sindic\u00e2ncia sobre 50 funcion\u00e1rios fantasmas; mobilizou empresas e arrecadou 82 toneladas entre alimentos, material de limpeza e de higiene, para atender a 15 mil fam\u00edlias vitimadas de diversos munic\u00edpios atingidos pelas chuvas no estado do RJ; e diminuiu a estrutura de sua pasta de nove para cinco subsecretarias, com economia de R$ 6 milh\u00f5es ao ano.<\/p>\n<p>&nbsp;<\/p>\n<p><em>Bras\u00edlia, 16h37min<\/em><\/p>\n","protected":false},"excerpt":{"rendered":"<p>HAMILTON FERRARI A secret\u00e1ria Estadual de Desenvolvimento Social e Direitos Humanos do Rio de Janeiro, Fabiana Bentes, apresenta, nesta quarta-feira (17\/7), programas para a \u00e1rea ao Minist\u00e9rio\u00a0da Mulher, Fam\u00edlia e Direitos Humanos. De acordo com ela, h\u00e1 &#8220;v\u00e1rios projetos&#8221; em comum que a Uni\u00e3o pode buscar regionalizar para a realidade de cada parte do Brasil. [&hellip;]<\/p>\n","protected":false},"author":22,"featured_media":0,"comment_status":"open","ping_status":"closed","sticky":false,"template":"","format":"standard","meta":{"footnotes":""},"categories":[600],"tags":[],"class_list":["post-11333","post","type-post","status-publish","format-standard","hentry","category-economia"],"_links":{"self":[{"href":"https:\/\/blogs.correiobraziliense.com.br\/vicente\/wp-json\/wp\/v2\/posts\/11333","targetHints":{"allow":["GET"]}}],"collection":[{"href":"https:\/\/blogs.correiobraziliense.com.br\/vicente\/wp-json\/wp\/v2\/posts"}],"about":[{"href":"https:\/\/blogs.correiobraziliense.com.br\/vicente\/wp-json\/wp\/v2\/types\/post"}],"author":[{"embeddable":true,"href":"https:\/\/blogs.correiobraziliense.com.br\/vicente\/wp-json\/wp\/v2\/users\/22"}],"replies":[{"embeddable":true,"href":"https:\/\/blogs.correiobraziliense.com.br\/vicente\/wp-json\/wp\/v2\/comments?post=11333"}],"version-history":[{"count":6,"href":"https:\/\/blogs.correiobraziliense.com.br\/vicente\/wp-json\/wp\/v2\/posts\/11333\/revisions"}],"predecessor-version":[{"id":11343,"href":"https:\/\/blogs.correiobraziliense.com.br\/vicente\/wp-json\/wp\/v2\/posts\/11333\/revisions\/11343"}],"wp:attachment":[{"href":"https:\/\/blogs.correiobraziliense.com.br\/vicente\/wp-json\/wp\/v2\/media?parent=11333"}],"wp:term":[{"taxonomy":"category","embeddable":true,"href":"https:\/\/blogs.correiobraziliense.com.br\/vicente\/wp-json\/wp\/v2\/categories?post=11333"},{"taxonomy":"post_tag","embeddable":true,"href":"https:\/\/blogs.correiobraziliense.com.br\/vicente\/wp-json\/wp\/v2\/tags?post=11333"}],"curies":[{"name":"wp","href":"https:\/\/api.w.org\/{rel}","templated":true}]}}