{"id":11324,"date":"2019-07-16T15:26:56","date_gmt":"2019-07-16T18:26:56","guid":{"rendered":"https:\/\/blogs.correiobraziliense.com.br\/vicente\/?p=11324"},"modified":"2019-07-16T15:26:56","modified_gmt":"2019-07-16T18:26:56","slug":"bolsonaro-inicia-dialogos-com-deputados-do-psl-para-definir-papel-de-aliados","status":"publish","type":"post","link":"https:\/\/blogs.correiobraziliense.com.br\/vicente\/bolsonaro-inicia-dialogos-com-deputados-do-psl-para-definir-papel-de-aliados\/","title":{"rendered":"Bolsonaro inicia di\u00e1logos com deputados do PSL para definir papel de aliados"},"content":{"rendered":"<p><span style=\"font-weight: 400\">RODOLFO COSTA<\/span><\/p>\n<p><span style=\"font-weight: 400\">Passada a agita\u00e7\u00e3o da reforma da Previd\u00eancia, o presidente Jair Bolsonaro retoma o foco \u00e0 base do PSL no Congresso mirando o segundo turno da vota\u00e7\u00e3o e o p\u00f3s-Previd\u00eancia. \u00c9 um passo importante para montar estrat\u00e9gias e ouvir mais do que falar. Afinal, alguns correligion\u00e1rios ficaram na bronca por defender a ele e o governo em todo o per\u00edodo de tramita\u00e7\u00e3o da mat\u00e9ria na Comiss\u00e3o Especial e no Plen\u00e1rio sem um afago ou diretrizes bem estabelecidas. Para acertar os pr\u00f3ximos detalhes, ele se re\u00fane nesta ter\u00e7a-feira (16\/7) com a deputada Carla Zambelli (PSL-SP).\u00a0<\/span><\/p>\n<p>&nbsp;<\/p>\n<p><span style=\"font-weight: 400\">A parlamentar \u00e9 uma das que mais defendeu o governo e se desgastou no processo de vota\u00e7\u00e3o da reforma. Fundadora do Nas Ruas, um dos principais movimentos de rua, ela usou a influ\u00eancia para se posicionar a favor da reforma e at\u00e9 do destaque do Podemos, que previa aposentadoria especial aos policiais. O empenho rendeu di\u00e1logos acalorados com representantes mais cr\u00edticos da Pol\u00edcia Federal (PF) &#8212; que chamaram Bolsonaro de traidor &#8212; e foi reconhecido por deputados do PSL ligados \u00e0 bancada da seguran\u00e7a p\u00fablica.\u00a0<\/span><\/p>\n<p>&nbsp;<\/p>\n<p><span style=\"font-weight: 400\">Mesmo com o esfor\u00e7o de Carla, deputados da bancada e assessores da parlamentar dizem que ela tem d\u00favidas sobre o papel no Congresso. Esse teria sido um dos motivos do pedido da reuni\u00e3o com Bolsonaro. \u201cEla foi uma das principais incentivadoras das manifesta\u00e7\u00f5es a favor do governo no dia 30 de junho, quando a reforma ainda estava na Comiss\u00e3o Especial. E n\u00e3o tem tido a mesma defer\u00eancia por parte do presidente. Vai ser uma reuni\u00e3o em um momento oportuno para alinhar as estrat\u00e9gias\u201d, declarou ao <\/span><b>Blog<\/b><span style=\"font-weight: 400\"> uma pessoa pr\u00f3xima.\u00a0<\/span><\/p>\n<p>&nbsp;<\/p>\n<p><span style=\"font-weight: 400\">O exemplo da deputada se repete na bancada. Outros deputados do PSL questionam o papel exercido no partido e pediram algum espa\u00e7o na agenda com Bolsonaro. Motivos de preocupa\u00e7\u00e3o n\u00e3o faltam. Sem uma base formada, o governo continuar\u00e1 dependente da bancada pesselista para apoiar o Executivo em um p\u00f3s-Previd\u00eancia com mat\u00e9rias importantes em tramita\u00e7\u00e3o na C\u00e2mara, como reforma tribut\u00e1ria, e um Fundo de Manuten\u00e7\u00e3o e Desenvolvimento da Educa\u00e7\u00e3o B\u00e1sica e de Valoriza\u00e7\u00e3o dos Profissionais da Educa\u00e7\u00e3o (Fundeb) permanente. <\/span><\/p>\n","protected":false},"excerpt":{"rendered":"<p>RODOLFO COSTA Passada a agita\u00e7\u00e3o da reforma da Previd\u00eancia, o presidente Jair Bolsonaro retoma o foco \u00e0 base do PSL no Congresso mirando o segundo turno da vota\u00e7\u00e3o e o p\u00f3s-Previd\u00eancia. \u00c9 um passo importante para montar estrat\u00e9gias e ouvir mais do que falar. Afinal, alguns correligion\u00e1rios ficaram na bronca por defender a ele e [&hellip;]<\/p>\n","protected":false},"author":22,"featured_media":11325,"comment_status":"open","ping_status":"closed","sticky":false,"template":"","format":"standard","meta":{"footnotes":""},"categories":[600],"tags":[2554,3872,467,2922,3596],"class_list":["post-11324","post","type-post","status-publish","format-standard","has-post-thumbnail","hentry","category-economia","tag-bolsonaro","tag-carla-zambelli","tag-governo","tag-jair-bolsonaro","tag-psl"],"_links":{"self":[{"href":"https:\/\/blogs.correiobraziliense.com.br\/vicente\/wp-json\/wp\/v2\/posts\/11324","targetHints":{"allow":["GET"]}}],"collection":[{"href":"https:\/\/blogs.correiobraziliense.com.br\/vicente\/wp-json\/wp\/v2\/posts"}],"about":[{"href":"https:\/\/blogs.correiobraziliense.com.br\/vicente\/wp-json\/wp\/v2\/types\/post"}],"author":[{"embeddable":true,"href":"https:\/\/blogs.correiobraziliense.com.br\/vicente\/wp-json\/wp\/v2\/users\/22"}],"replies":[{"embeddable":true,"href":"https:\/\/blogs.correiobraziliense.com.br\/vicente\/wp-json\/wp\/v2\/comments?post=11324"}],"version-history":[{"count":1,"href":"https:\/\/blogs.correiobraziliense.com.br\/vicente\/wp-json\/wp\/v2\/posts\/11324\/revisions"}],"predecessor-version":[{"id":11326,"href":"https:\/\/blogs.correiobraziliense.com.br\/vicente\/wp-json\/wp\/v2\/posts\/11324\/revisions\/11326"}],"wp:featuredmedia":[{"embeddable":true,"href":"https:\/\/blogs.correiobraziliense.com.br\/vicente\/wp-json\/wp\/v2\/media\/11325"}],"wp:attachment":[{"href":"https:\/\/blogs.correiobraziliense.com.br\/vicente\/wp-json\/wp\/v2\/media?parent=11324"}],"wp:term":[{"taxonomy":"category","embeddable":true,"href":"https:\/\/blogs.correiobraziliense.com.br\/vicente\/wp-json\/wp\/v2\/categories?post=11324"},{"taxonomy":"post_tag","embeddable":true,"href":"https:\/\/blogs.correiobraziliense.com.br\/vicente\/wp-json\/wp\/v2\/tags?post=11324"}],"curies":[{"name":"wp","href":"https:\/\/api.w.org\/{rel}","templated":true}]}}