{"id":11273,"date":"2019-07-11T18:57:45","date_gmt":"2019-07-11T21:57:45","guid":{"rendered":"https:\/\/blogs.correiobraziliense.com.br\/vicente\/?p=11273"},"modified":"2019-07-11T19:53:49","modified_gmt":"2019-07-11T22:53:49","slug":"supostas-mensagens-mostram-dialogos-entre-governador-da-bahia-e-integrantes-do-pt-sobre-previdencia","status":"publish","type":"post","link":"https:\/\/blogs.correiobraziliense.com.br\/vicente\/supostas-mensagens-mostram-dialogos-entre-governador-da-bahia-e-integrantes-do-pt-sobre-previdencia\/","title":{"rendered":"Supostas mensagens mostram di\u00e1logos entre governador da Bahia e integrantes do PT sobre Previd\u00eancia"},"content":{"rendered":"<p><a href=\"https:\/\/blogs.correiobraziliense.com.br\/vicente\/wp-content\/uploads\/sites\/16\/2019\/07\/RuyCosta.jpg\"><img loading=\"lazy\" decoding=\"async\" class=\"wp-image-11274 alignleft\" src=\"https:\/\/blogs.correiobraziliense.com.br\/vicente\/wp-content\/uploads\/sites\/16\/2019\/07\/RuyCosta-576x1024.jpg\" alt=\"\" width=\"294\" height=\"523\" srcset=\"https:\/\/blogs.correiobraziliense.com.br\/vicente\/wp-content\/uploads\/sites\/16\/2019\/07\/RuyCosta-576x1024.jpg 576w, https:\/\/blogs.correiobraziliense.com.br\/vicente\/wp-content\/uploads\/sites\/16\/2019\/07\/RuyCosta-169x300.jpg 169w, https:\/\/blogs.correiobraziliense.com.br\/vicente\/wp-content\/uploads\/sites\/16\/2019\/07\/RuyCosta-197x350.jpg 197w, https:\/\/blogs.correiobraziliense.com.br\/vicente\/wp-content\/uploads\/sites\/16\/2019\/07\/RuyCosta-550x978.jpg 550w, https:\/\/blogs.correiobraziliense.com.br\/vicente\/wp-content\/uploads\/sites\/16\/2019\/07\/RuyCosta-230x409.jpg 230w, https:\/\/blogs.correiobraziliense.com.br\/vicente\/wp-content\/uploads\/sites\/16\/2019\/07\/RuyCosta.jpg 720w\" sizes=\"auto, (max-width: 294px) 100vw, 294px\" \/><\/a><\/p>\n<h2>RODOLFO COSTA<\/h2>\n<h2><\/h2>\n<h2>A exclus\u00e3o dos estados da reforma da Previd\u00eancia n\u00e3o repercutiu bem na Bahia. Conversas que teriam sido trocadas em um grupo de WhatsApp entre o governador do estado, Rui Costa, e a bancada do PT na unidade federativa, sugerem que o chefe do Executivo estadual orientou aos parlamentares a n\u00e3o \u201cbotarem a cara para aprovar um projeto que n\u00e3o tem apoio popular no Nordeste\u201d. \u00c9 o que indicam as mensagens obtidas pelo <strong>Blog<\/strong> em prints aparentemente vazados, em que, inclusive, um poss\u00edvel deputado federal diz que torceriam pela aprova\u00e7\u00e3o da Proposta de Emenda \u00e0 Constitui\u00e7\u00e3o (PEC) 6\/2019.<\/h2>\n<p>&nbsp;<\/p>\n<p>O grupo em que as conversas ocorreram \u00e9 intitulado de Estrat\u00e9gia, e tem como imagem as iniciais \u201cP\u201d e \u201cT\u201d e uma estrela, ambas em cor amarela, ao centro de um fundo vermelho. Embaixo do nome do grupo, est\u00e3o listados os nomes \u201cPelegrino\u201d, \u201cRui Costa Gov\u201d e \u201cSolla\u201d. A lista se encerra com retic\u00eancias, sugerindo que podem haver outros integrantes ou o nome atribu\u00eddo a \u201cSolla\u201d \u00e9 mais longo do que o espa\u00e7o destinado aos integrantes.<\/p>\n<p>&nbsp;<\/p>\n<p>Os nomes dispostos no print sugerem ser um grupo formado por deputados do PT na Bahia e pelo governador do estado. \u201cPelegrino\u201d, embora tenha s\u00f3 um \u201cl\u201d, supostamente indica que seja o deputado federal Nelson Pellegrino (PT-BA). \u201cSolla\u201d aparentemente se refere ao deputado federal Jorge Solla (PT-BA). J\u00e1 \u201cRui Costa Gov\u201d indica que seja o chefe do executivo estadual, Rui Costa.<\/p>\n<p>&nbsp;<\/p>\n<p>O primeiro print, atribu\u00eddo a Rui Costa, transmite a ideia de que o governador teria orientado os deputados a votar contra a reforma da Previd\u00eancia, ao se referir do substitutivo aprovado na Comiss\u00e3o Especial, que retirou os estados e munic\u00edpios do texto. \u201c\u00c9 aquilo que conversamos. J\u00e1 que a proposta n\u00e3o foi enviada do jeito que imaginamos (incluindo os estados), n\u00e3o vamos botar a cara para aprovar um projeto que n\u00e3o tem apoio popular no Nordeste\u201d, declarou.<\/p>\n<p>&nbsp;<\/p>\n<p><strong>Plateia<\/strong><\/p>\n<p>Um membro do grupo desconhecido, que, aparentemente, tirou os prints, diz concordar com o governador e diz que, \u201cagora, o melhor \u00e9 jogar pra plateia\u201d. Pellegrino teria acatado a sugest\u00e3o do governador. \u201cCombinado. Votamos contra e ficamos bem em nossas bases\u201d, ponderou. O desconhecido responde em cima de \u201cPelegrino\u201d, dizendo que, apesar do voto contr\u00e1rio, torcer\u00e3o pela aprova\u00e7\u00e3o da mat\u00e9ria. \u201cMas claro que vamos torcer para a reforma ser aprovada.\u201d<\/p>\n<p>&nbsp;<\/p>\n<p><a href=\"https:\/\/blogs.correiobraziliense.com.br\/vicente\/wp-content\/uploads\/sites\/16\/2019\/07\/RuyCosta1.jpg\"><img loading=\"lazy\" decoding=\"async\" class=\"wp-image-11275 alignleft\" src=\"https:\/\/blogs.correiobraziliense.com.br\/vicente\/wp-content\/uploads\/sites\/16\/2019\/07\/RuyCosta1-576x1024.jpg\" alt=\"\" width=\"307\" height=\"546\" srcset=\"https:\/\/blogs.correiobraziliense.com.br\/vicente\/wp-content\/uploads\/sites\/16\/2019\/07\/RuyCosta1-576x1024.jpg 576w, https:\/\/blogs.correiobraziliense.com.br\/vicente\/wp-content\/uploads\/sites\/16\/2019\/07\/RuyCosta1-169x300.jpg 169w, https:\/\/blogs.correiobraziliense.com.br\/vicente\/wp-content\/uploads\/sites\/16\/2019\/07\/RuyCosta1-197x350.jpg 197w, https:\/\/blogs.correiobraziliense.com.br\/vicente\/wp-content\/uploads\/sites\/16\/2019\/07\/RuyCosta1-550x978.jpg 550w, https:\/\/blogs.correiobraziliense.com.br\/vicente\/wp-content\/uploads\/sites\/16\/2019\/07\/RuyCosta1-230x409.jpg 230w, https:\/\/blogs.correiobraziliense.com.br\/vicente\/wp-content\/uploads\/sites\/16\/2019\/07\/RuyCosta1.jpg 720w\" sizes=\"auto, (max-width: 307px) 100vw, 307px\" \/><\/a><\/p>\n<p>A resposta do integrante em anonimato \u00e9 respondida pelo governador, que, ironicamente, diz para ter cautela e n\u00e3o deixar a mensagem vazar. \u201cCuidado para esse print n\u00e3o virar mat\u00e9ria no Intercept\u201d, disse. A mensagem faz refer\u00eancia ao site The Intercept, que tem vazado supostas conversas entre o ministro da Justi\u00e7a e Seguran\u00e7a P\u00fablica, S\u00e9rgio Moro, e procuradores da Opera\u00e7\u00e3o Lava Jato.<\/p>\n<p>&nbsp;<\/p>\n<p>Ao fim da conversa vazada, Rui Costa teria sugerido que o melhor seria a aprova\u00e7\u00e3o de uma reforma com regras mais duras para alguns. \u201cO ideal, para n\u00f3s, seriam as regras mais r\u00edgidas para servidores p\u00fablicos, mulheres, professores e trabalhadores do campo. Precisamos achar um deputado para incluir isso. E a\u00ed, sim, votamos a favor\u201d, afirmou. A declara\u00e7\u00e3o \u00e9 respondida pelo desconhecido, que comunica que ir\u00e1 \u201carticular isso com um deputado que deve um favor pra gente.\u201d<\/p>\n<p>&nbsp;<\/p>\n<p><strong>Resposta<\/strong><\/p>\n<p>A assessoria de comunica\u00e7\u00e3o de Rui Costa nega que as declara\u00e7\u00f5es atribu\u00eddas a \u201cRui Costa Gov\u201d sejam, de fato, do governador. E informa que ele determinou a abertura de inqu\u00e9rito para apurar a dissemina\u00e7\u00e3o de fake news do qual foi v\u00edtima. \u201cRui chamou a aten\u00e7\u00e3o para os riscos que todos os cidad\u00e3os est\u00e3o expostos quando criminosos usam as redes sociais para espalhar not\u00edcias mentirosas. Na informa\u00e7\u00e3o inver\u00eddica disseminada, foi inventada uma conversa entre o governador e o deputado Nelson Pellegrino em um grupo de Whatsapp. O criminoso ainda simulou que a informa\u00e7\u00e3o sobre o tema foi postada em um site de not\u00edcias\u201d, comunicou. \u201cTodos sabem o meu posicionamento e o dos governadores do Nordeste sobre a reforma da Previd\u00eancia. Essa fake news vai ser tratada como crime grave\u201d, acrescentou.<\/p>\n<p>&nbsp;<\/p>\n<p>A assessoria do deputado Nelson Pellegrino tamb\u00e9m atribui as informa\u00e7\u00f5es a not\u00edcias falsas. &#8220;Trata-se<span style=\"font-weight: 400\">\u00a0de fake news, a\u00e7\u00e3o criminosa que j\u00e1 est\u00e1 sendo investigada pela Secretaria de Seguran\u00e7a P\u00fablica da Bahia. C<\/span><span style=\"font-weight: 400\">ertamente partiu de quem est\u00e1 incomodado com a nossa postura coerente de defender os direitos trabalhistas. O<\/span><span style=\"font-weight: 400\">s que condenaram o trabalhador a contribuir por 40 anos, at\u00e9 os 65 anos de idade, cortando pela metade as pens\u00f5es das vi\u00favas, querem confundir a sociedade para esconder as perversidades que praticam. T<\/span><span style=\"font-weight: 400\">odos os deputados do PT votaram contra a Reforma da Previd\u00eancia e continuam resistindo para retirar parte das maldades desta proposta injusta antes da reda\u00e7\u00e3o final&#8221;, informou.\u00a0<\/span><\/p>\n<p>&nbsp;<\/p>\n<p><em>Bras\u00edlia, 18h57min<\/em><\/p>\n","protected":false},"excerpt":{"rendered":"<p>RODOLFO COSTA A exclus\u00e3o dos estados da reforma da Previd\u00eancia n\u00e3o repercutiu bem na Bahia. Conversas que teriam sido trocadas em um grupo de WhatsApp entre o governador do estado, Rui Costa, e a bancada do PT na unidade federativa, sugerem que o chefe do Executivo estadual orientou aos parlamentares a n\u00e3o \u201cbotarem a cara [&hellip;]<\/p>\n","protected":false},"author":22,"featured_media":0,"comment_status":"open","ping_status":"closed","sticky":false,"template":"","format":"standard","meta":{"footnotes":""},"categories":[600],"tags":[2497,429,422,614,3993],"class_list":["post-11273","post","type-post","status-publish","format-standard","hentry","category-economia","tag-deputados","tag-previdencia","tag-pt","tag-reforma","tag-ruy-costa"],"_links":{"self":[{"href":"https:\/\/blogs.correiobraziliense.com.br\/vicente\/wp-json\/wp\/v2\/posts\/11273","targetHints":{"allow":["GET"]}}],"collection":[{"href":"https:\/\/blogs.correiobraziliense.com.br\/vicente\/wp-json\/wp\/v2\/posts"}],"about":[{"href":"https:\/\/blogs.correiobraziliense.com.br\/vicente\/wp-json\/wp\/v2\/types\/post"}],"author":[{"embeddable":true,"href":"https:\/\/blogs.correiobraziliense.com.br\/vicente\/wp-json\/wp\/v2\/users\/22"}],"replies":[{"embeddable":true,"href":"https:\/\/blogs.correiobraziliense.com.br\/vicente\/wp-json\/wp\/v2\/comments?post=11273"}],"version-history":[{"count":4,"href":"https:\/\/blogs.correiobraziliense.com.br\/vicente\/wp-json\/wp\/v2\/posts\/11273\/revisions"}],"predecessor-version":[{"id":11280,"href":"https:\/\/blogs.correiobraziliense.com.br\/vicente\/wp-json\/wp\/v2\/posts\/11273\/revisions\/11280"}],"wp:attachment":[{"href":"https:\/\/blogs.correiobraziliense.com.br\/vicente\/wp-json\/wp\/v2\/media?parent=11273"}],"wp:term":[{"taxonomy":"category","embeddable":true,"href":"https:\/\/blogs.correiobraziliense.com.br\/vicente\/wp-json\/wp\/v2\/categories?post=11273"},{"taxonomy":"post_tag","embeddable":true,"href":"https:\/\/blogs.correiobraziliense.com.br\/vicente\/wp-json\/wp\/v2\/tags?post=11273"}],"curies":[{"name":"wp","href":"https:\/\/api.w.org\/{rel}","templated":true}]}}