{"id":11264,"date":"2019-07-11T17:15:20","date_gmt":"2019-07-11T20:15:20","guid":{"rendered":"https:\/\/blogs.correiobraziliense.com.br\/vicente\/?p=11264"},"modified":"2019-07-11T18:09:45","modified_gmt":"2019-07-11T21:09:45","slug":"prefeito-da-egua-de-presente-para-bolsonaro-animal-ficara-na-granja-do-torto","status":"publish","type":"post","link":"https:\/\/blogs.correiobraziliense.com.br\/vicente\/prefeito-da-egua-de-presente-para-bolsonaro-animal-ficara-na-granja-do-torto\/","title":{"rendered":"Prefeito d\u00e1 \u00e9gua de presente para Bolsonaro. Animal ficar\u00e1 na Granja do Torto"},"content":{"rendered":"<h2><a href=\"https:\/\/blogs.correiobraziliense.com.br\/vicente\/wp-content\/uploads\/sites\/16\/2019\/07\/egua.jpg\"><img loading=\"lazy\" decoding=\"async\" class=\"wp-image-11269 alignleft\" src=\"https:\/\/blogs.correiobraziliense.com.br\/vicente\/wp-content\/uploads\/sites\/16\/2019\/07\/egua-1024x683.jpg\" alt=\"\" width=\"706\" height=\"471\" srcset=\"https:\/\/blogs.correiobraziliense.com.br\/vicente\/wp-content\/uploads\/sites\/16\/2019\/07\/egua-1024x683.jpg 1024w, https:\/\/blogs.correiobraziliense.com.br\/vicente\/wp-content\/uploads\/sites\/16\/2019\/07\/egua-300x200.jpg 300w, https:\/\/blogs.correiobraziliense.com.br\/vicente\/wp-content\/uploads\/sites\/16\/2019\/07\/egua-768x512.jpg 768w, https:\/\/blogs.correiobraziliense.com.br\/vicente\/wp-content\/uploads\/sites\/16\/2019\/07\/egua-350x233.jpg 350w, https:\/\/blogs.correiobraziliense.com.br\/vicente\/wp-content\/uploads\/sites\/16\/2019\/07\/egua-550x367.jpg 550w, https:\/\/blogs.correiobraziliense.com.br\/vicente\/wp-content\/uploads\/sites\/16\/2019\/07\/egua-230x153.jpg 230w, https:\/\/blogs.correiobraziliense.com.br\/vicente\/wp-content\/uploads\/sites\/16\/2019\/07\/egua.jpg 1080w\" sizes=\"auto, (max-width: 706px) 100vw, 706px\" \/><\/a><\/h2>\n<h2>BERNARDO BITTAR<\/h2>\n<h2><\/h2>\n<h2>Imagine a cena. O presidente da Rep\u00fablica, Jair Bolsonaro, recebendo uma \u00e9gua crioula que passeia no Pal\u00e1cio do Planalto, em plena Esplanada dos Minist\u00e9rios. Quase aconteceu. Mas o inusitado presente foi, de fato, oferecido a Jair Bolsonaro nesta quinta-feira (11\/07), da parte do setor oriz\u00edcola (os produtores de arroz) do Rio Grande do Sul.<\/h2>\n<p>&nbsp;<\/p>\n<p>A \u00e9guinha Kalabassa do Campo da Serra, ainda filhote, &#8220;veio&#8221; em um termo de posse ao presidente, e foi entregue pelo prefeito o munic\u00edpio de Dom Pedrito (RS), M\u00e1rio Augusto de Freire Gon\u00e7alves (na foto, de terno azul, segurando a m\u00e3o do presidente).<\/p>\n<p>&nbsp;<\/p>\n<p>Bolsonaro foi presenteado ap\u00f3s reuni\u00e3o com o ministro da Economia, Paulo Guedes, e a ministra da Agricultura, Tereza Cristina, que discutiram os altos \u00edndices de desemprego, especialmente dos produtores de arroz, no Sul do pa\u00eds.<\/p>\n<p>&nbsp;<\/p>\n<p>Embora a \u00e9gua crioula (ra\u00e7a nobre criada pelos ga\u00fachos) ainda n\u00e3o esteja na capital, tem destino certo. Vai marchar e relinchar pela Granja do Torto, sob o comando da filha do presidente, Laura, de 8 anos, que &#8220;adora cavalgar&#8221;. Embora tenha aceitado a \u00e9gua, Bolsonaro disse que vai transferir sua posse para a Uni\u00e3o. Assim, o mimo de Laurinha ficar\u00e1 na Granja do Torto enquanto sobreviver.<\/p>\n<p>&nbsp;<\/p>\n<p>&#8220;O presidente tem domado muito as mazelas do brasileiro nas r\u00e9deas do pa\u00eds&#8221;, disse M\u00e1rio Augusto ao <strong>Blog<\/strong>, que trouxe o presente para Bolsonaro. Agora, falta domar a \u00e9gua palaciana.<\/p>\n<p>&nbsp;<\/p>\n<p><em>Bras\u00edlia, 17h15min<\/em><\/p>\n","protected":false},"excerpt":{"rendered":"<p>BERNARDO BITTAR Imagine a cena. O presidente da Rep\u00fablica, Jair Bolsonaro, recebendo uma \u00e9gua crioula que passeia no Pal\u00e1cio do Planalto, em plena Esplanada dos Minist\u00e9rios. Quase aconteceu. Mas o inusitado presente foi, de fato, oferecido a Jair Bolsonaro nesta quinta-feira (11\/07), da parte do setor oriz\u00edcola (os produtores de arroz) do Rio Grande do [&hellip;]<\/p>\n","protected":false},"author":22,"featured_media":0,"comment_status":"open","ping_status":"closed","sticky":false,"template":"","format":"standard","meta":{"footnotes":""},"categories":[600],"tags":[3665,2554,3992,3991,3330],"class_list":["post-11264","post","type-post","status-publish","format-standard","hentry","category-economia","tag-prefeito","tag-bolsonaro","tag-dom-pedrito","tag-egua","tag-presente"],"_links":{"self":[{"href":"https:\/\/blogs.correiobraziliense.com.br\/vicente\/wp-json\/wp\/v2\/posts\/11264","targetHints":{"allow":["GET"]}}],"collection":[{"href":"https:\/\/blogs.correiobraziliense.com.br\/vicente\/wp-json\/wp\/v2\/posts"}],"about":[{"href":"https:\/\/blogs.correiobraziliense.com.br\/vicente\/wp-json\/wp\/v2\/types\/post"}],"author":[{"embeddable":true,"href":"https:\/\/blogs.correiobraziliense.com.br\/vicente\/wp-json\/wp\/v2\/users\/22"}],"replies":[{"embeddable":true,"href":"https:\/\/blogs.correiobraziliense.com.br\/vicente\/wp-json\/wp\/v2\/comments?post=11264"}],"version-history":[{"count":7,"href":"https:\/\/blogs.correiobraziliense.com.br\/vicente\/wp-json\/wp\/v2\/posts\/11264\/revisions"}],"predecessor-version":[{"id":11272,"href":"https:\/\/blogs.correiobraziliense.com.br\/vicente\/wp-json\/wp\/v2\/posts\/11264\/revisions\/11272"}],"wp:attachment":[{"href":"https:\/\/blogs.correiobraziliense.com.br\/vicente\/wp-json\/wp\/v2\/media?parent=11264"}],"wp:term":[{"taxonomy":"category","embeddable":true,"href":"https:\/\/blogs.correiobraziliense.com.br\/vicente\/wp-json\/wp\/v2\/categories?post=11264"},{"taxonomy":"post_tag","embeddable":true,"href":"https:\/\/blogs.correiobraziliense.com.br\/vicente\/wp-json\/wp\/v2\/tags?post=11264"}],"curies":[{"name":"wp","href":"https:\/\/api.w.org\/{rel}","templated":true}]}}