{"id":11260,"date":"2019-07-11T15:33:57","date_gmt":"2019-07-11T18:33:57","guid":{"rendered":"https:\/\/blogs.correiobraziliense.com.br\/vicente\/?p=11260"},"modified":"2019-07-12T12:16:37","modified_gmt":"2019-07-12T15:16:37","slug":"destaques-que-flexibilizam-regras-para-professores-policiais-e-mulheres-serao-aprovados","status":"publish","type":"post","link":"https:\/\/blogs.correiobraziliense.com.br\/vicente\/destaques-que-flexibilizam-regras-para-professores-policiais-e-mulheres-serao-aprovados\/","title":{"rendered":"Destaques que flexibilizam regras para professores, policiais e mulheres ser\u00e3o aprovados"},"content":{"rendered":"<figure id=\"attachment_11235\" aria-describedby=\"caption-attachment-11235\" style=\"width: 748px\" class=\"wp-caption alignleft\"><a href=\"https:\/\/blogs.correiobraziliense.com.br\/vicente\/wp-content\/uploads\/sites\/16\/2019\/07\/Miranda-e-Maia-e1562774473872.jpg\"><img loading=\"lazy\" decoding=\"async\" class=\"wp-image-11235\" src=\"https:\/\/blogs.correiobraziliense.com.br\/vicente\/wp-content\/uploads\/sites\/16\/2019\/07\/Miranda-e-Maia-1024x682.jpg\" alt=\"\" width=\"748\" height=\"498\" \/><\/a><figcaption id=\"caption-attachment-11235\" class=\"wp-caption-text\">Deputado Luis Miranda (DEM-DF), \u00e0 esquerda, foi um dos principais articuladores para a constru\u00e7\u00e3o da emenda aglutinativa que prev\u00ea regras mais suaves de aposentadoria para os policiais.<\/figcaption><\/figure>\n<h2>RODOLFO COSTA<\/h2>\n<h2><\/h2>\n<h2>A demora para o in\u00edcio da Ordem do Dia no Plen\u00e1rio da C\u00e2mara causou incertezas entre alguns parlamentares. Mas as emendas ser\u00e3o votadas. O atraso para o in\u00edcio da sess\u00e3o plen\u00e1ria se deve a reuni\u00f5es entre l\u00edderes partid\u00e1rios ao longo da manh\u00e3 e o in\u00edcio da tarde desta quinta-feira (11\/7), em que definiram quais destaques ser\u00e3o aprovados e quais ser\u00e3o rejeitados.<\/h2>\n<p>&nbsp;<\/p>\n<p>As tratativas foram tomadas para evitar equ\u00edvocos, como o cometido na quarta-feira (10\/07), quando os deputados rejeitaram um destaque que previa a exclus\u00e3o dos professores da reforma da Previd\u00eancia. O acordo, comandado pelo presidente da C\u00e2mara, Rodrigo Maia, prev\u00ea a recoloca\u00e7\u00e3o e a aprova\u00e7\u00e3o dessa emenda.<\/p>\n<p>&nbsp;<\/p>\n<p>Al\u00e9m de professores, ser\u00e3o aprovados os destaques referentes \u00e0s mulheres, que estabelece na aposentadoria delas que o adicional de tempo de 2% ao ano no Regime Geral de Previd\u00eancia Social (RGPS) ser\u00e1 a partir dos 15 anos de contribui\u00e7\u00e3o.<\/p>\n<p>&nbsp;<\/p>\n<p>O destaque do Podemos, que concede regras mais suaves de aposentadoria aos policiais, \u00e9 o outro que ser\u00e1 aprovado. A emenda aglutinativa prev\u00ea idade m\u00ednima de 52 anos para mulheres e de\u00a0 53 anos para homens, desde que seja cumprido o ped\u00e1gio de 100% do tempo de contribui\u00e7\u00e3o que falta para atingir o tempo m\u00ednimo, de 25 anos para mulheres e 30 anos para homens. O texto foi costurado pelo partido com outras lideran\u00e7as e parlamentares que, durante a Comiss\u00e3o Especial, apresentaram destaques para conceder regras diferenciadas de aposentadoria para as categorias, como o deputado Luis Miranda (DEM-DF).<\/p>\n<p>&nbsp;<\/p>\n<p><em>Bras\u00edlia, 15h33min<\/em><\/p>\n","protected":false},"excerpt":{"rendered":"<p>RODOLFO COSTA A demora para o in\u00edcio da Ordem do Dia no Plen\u00e1rio da C\u00e2mara causou incertezas entre alguns parlamentares. Mas as emendas ser\u00e3o votadas. O atraso para o in\u00edcio da sess\u00e3o plen\u00e1ria se deve a reuni\u00f5es entre l\u00edderes partid\u00e1rios ao longo da manh\u00e3 e o in\u00edcio da tarde desta quinta-feira (11\/7), em que definiram [&hellip;]<\/p>\n","protected":false},"author":22,"featured_media":0,"comment_status":"open","ping_status":"closed","sticky":false,"template":"","format":"standard","meta":{"footnotes":""},"categories":[600],"tags":[974,134,2171,772,429,771],"class_list":["post-11260","post","type-post","status-publish","format-standard","hentry","category-economia","tag-acordo","tag-camara","tag-mulheres","tag-policiais","tag-previdencia","tag-professores"],"_links":{"self":[{"href":"https:\/\/blogs.correiobraziliense.com.br\/vicente\/wp-json\/wp\/v2\/posts\/11260","targetHints":{"allow":["GET"]}}],"collection":[{"href":"https:\/\/blogs.correiobraziliense.com.br\/vicente\/wp-json\/wp\/v2\/posts"}],"about":[{"href":"https:\/\/blogs.correiobraziliense.com.br\/vicente\/wp-json\/wp\/v2\/types\/post"}],"author":[{"embeddable":true,"href":"https:\/\/blogs.correiobraziliense.com.br\/vicente\/wp-json\/wp\/v2\/users\/22"}],"replies":[{"embeddable":true,"href":"https:\/\/blogs.correiobraziliense.com.br\/vicente\/wp-json\/wp\/v2\/comments?post=11260"}],"version-history":[{"count":6,"href":"https:\/\/blogs.correiobraziliense.com.br\/vicente\/wp-json\/wp\/v2\/posts\/11260\/revisions"}],"predecessor-version":[{"id":11294,"href":"https:\/\/blogs.correiobraziliense.com.br\/vicente\/wp-json\/wp\/v2\/posts\/11260\/revisions\/11294"}],"wp:attachment":[{"href":"https:\/\/blogs.correiobraziliense.com.br\/vicente\/wp-json\/wp\/v2\/media?parent=11260"}],"wp:term":[{"taxonomy":"category","embeddable":true,"href":"https:\/\/blogs.correiobraziliense.com.br\/vicente\/wp-json\/wp\/v2\/categories?post=11260"},{"taxonomy":"post_tag","embeddable":true,"href":"https:\/\/blogs.correiobraziliense.com.br\/vicente\/wp-json\/wp\/v2\/tags?post=11260"}],"curies":[{"name":"wp","href":"https:\/\/api.w.org\/{rel}","templated":true}]}}