{"id":11258,"date":"2019-07-11T19:30:26","date_gmt":"2019-07-11T22:30:26","guid":{"rendered":"https:\/\/blogs.correiobraziliense.com.br\/vicente\/?p=11258"},"modified":"2019-07-11T19:30:58","modified_gmt":"2019-07-11T22:30:58","slug":"itamaraty-suspende-oficial-de-chancelaria-que-teria-vazado-denuncia-contra-bolsonaro","status":"publish","type":"post","link":"https:\/\/blogs.correiobraziliense.com.br\/vicente\/itamaraty-suspende-oficial-de-chancelaria-que-teria-vazado-denuncia-contra-bolsonaro\/","title":{"rendered":"Itamaraty suspende oficial de chancelaria que teria vazado den\u00fancia contra Bolsonaro"},"content":{"rendered":"<p><a href=\"https:\/\/blogs.correiobraziliense.com.br\/vicente\/wp-content\/uploads\/sites\/16\/2019\/01\/Ernesto.jpg\"><img loading=\"lazy\" decoding=\"async\" class=\"wp-image-9651 alignleft\" src=\"https:\/\/blogs.correiobraziliense.com.br\/vicente\/wp-content\/uploads\/sites\/16\/2019\/01\/Ernesto.jpg\" alt=\"\" width=\"663\" height=\"397\" srcset=\"https:\/\/blogs.correiobraziliense.com.br\/vicente\/wp-content\/uploads\/sites\/16\/2019\/01\/Ernesto.jpg 820w, https:\/\/blogs.correiobraziliense.com.br\/vicente\/wp-content\/uploads\/sites\/16\/2019\/01\/Ernesto-300x180.jpg 300w, https:\/\/blogs.correiobraziliense.com.br\/vicente\/wp-content\/uploads\/sites\/16\/2019\/01\/Ernesto-768x460.jpg 768w, https:\/\/blogs.correiobraziliense.com.br\/vicente\/wp-content\/uploads\/sites\/16\/2019\/01\/Ernesto-350x210.jpg 350w, https:\/\/blogs.correiobraziliense.com.br\/vicente\/wp-content\/uploads\/sites\/16\/2019\/01\/Ernesto-550x329.jpg 550w, https:\/\/blogs.correiobraziliense.com.br\/vicente\/wp-content\/uploads\/sites\/16\/2019\/01\/Ernesto-230x138.jpg 230w\" sizes=\"auto, (max-width: 663px) 100vw, 663px\" \/><\/a><\/p>\n<h2><span style=\"font-weight: 400\">ROSANA HESSEL<\/span><\/h2>\n<h2><\/h2>\n<h2><span style=\"font-weight: 400\">O ministro das Rela\u00e7\u00f5es Exteriores, Ernesto Ara\u00fajo, determinou o afastamento do oficial de chancelaria\u00a0S\u00e1vio Rocha da Silva, que teria vazado informa\u00e7\u00f5es sigilosas sobre uma den\u00fancia de amea\u00e7as de morte feitas por Jair Bolsonaro contra a ex-esposa dele.<\/span><\/h2>\n<p><span style=\"font-weight: 400\">\u00a0<\/span><\/p>\n<p>Conforme\u00a0<span style=\"font-weight: 400\">consta na portaria n\u00ba 665, publicada no <em>Di\u00e1rio Oficial da Uni\u00e3o (DOU) <\/em>\u00a0do \u00faltimo dia 5 de julho, o servidor S\u00e1vio Rocha da Silva, que ingressou no Itamaraty em 2017 e, portanto, ainda est\u00e1 em est\u00e1gio probat\u00f3rio, a<\/span>\u00a0suspens\u00e3o, por 60 dias, sem remunera\u00e7\u00e3o, por viola\u00e7\u00e3o do inciso IV do artigo 32 da Lei n\u00ba 12.527\/11, conhecida como a Lei do Acesso \u00e0 Informa\u00e7\u00e3o (LAI). A regra que prev\u00ea puni\u00e7\u00e3o ao servidor foi divulgar ou permitir a divulga\u00e7\u00e3o ou acessar ou permitir acesso indevido \u00e0 informa\u00e7\u00e3o sigilosa ou informa\u00e7\u00e3o pessoal\u201d.<\/p>\n<p>&nbsp;<\/p>\n<p><span style=\"font-weight: 400\">No texto, a nota assinada pelo ministro tamb\u00e9m justifica o afastamento do oficial que tem cargo de chefia no \u00f3rg\u00e3o por &#8220;descumprimento dos deveres funcionais previstos nos incisos III e VIII do artigo 116 da Lei n\u00ba 8.112\/1990&#8221;. Essa regra disp\u00f5e sobre o regime jur\u00eddico dos servidores p\u00fablicos civis da Uni\u00e3o, das autarquias e das funda\u00e7\u00f5es p\u00fablicas federais. O primeiro inciso determina que o servidor\u00a0 respeite as normas legais e regulamentares e, o segundo, que guarde sigilo sobre assunto da reparti\u00e7\u00e3o.<\/span><\/p>\n<p>&nbsp;<\/p>\n<p><span style=\"font-weight: 400\">A portaria assinada por Ara\u00fajo cita o Processo Administrativo Disciplinar de 2018. De acordo com fontes pr\u00f3ximas ao Itamaraty, o servidor afastado \u00e9 o mesmo que teria vazado\u00a0o telegrama de autoria do embaixador Carlos Henrique Cardim, abordando a disputa entre o ent\u00e3o presidenci\u00e1vel Jair Bolsonaro (PSL) e ex-mulher dele, Ana Cristina Valle, pela guarda do filho Renan, em setembro de 2018.<\/span><\/p>\n<p>&nbsp;<\/p>\n<p><span style=\"font-weight: 400\"> Em um dos trechos do telegrama, o diplomata disse que Ana Cristina teria sido \u201camea\u00e7ada de morte\u201d pelo ent\u00e3o deputado, em 2009, e, por esse motivo, ela pediu asilo pol\u00edtico na Noruega. Ap\u00f3s a divulga\u00e7\u00e3o da not\u00edcia no meio da campanha presidencial no ano passado, a ex-mulher de Bolsonaro desmentiu a informa\u00e7\u00e3o.<\/span><\/p>\n<p>&nbsp;<\/p>\n<p><span style=\"font-weight: 400\">Procurado, o Itamaraty ainda n\u00e3o retornou os questionamentos feitos pelo <strong>Blog<\/strong>.<\/span><\/p>\n","protected":false},"excerpt":{"rendered":"<p>ROSANA HESSEL O ministro das Rela\u00e7\u00f5es Exteriores, Ernesto Ara\u00fajo, determinou o afastamento do oficial de chancelaria\u00a0S\u00e1vio Rocha da Silva, que teria vazado informa\u00e7\u00f5es sigilosas sobre uma den\u00fancia de amea\u00e7as de morte feitas por Jair Bolsonaro contra a ex-esposa dele. \u00a0 Conforme\u00a0consta na portaria n\u00ba 665, publicada no Di\u00e1rio Oficial da Uni\u00e3o (DOU) \u00a0do \u00faltimo dia [&hellip;]<\/p>\n","protected":false},"author":22,"featured_media":0,"comment_status":"open","ping_status":"closed","sticky":false,"template":"","format":"standard","meta":{"footnotes":""},"categories":[600],"tags":[1219,2554,329,3994],"class_list":["post-11258","post","type-post","status-publish","format-standard","hentry","category-economia","tag-afastamento","tag-bolsonaro","tag-itamaraty","tag-oficial-de-chancelaria"],"_links":{"self":[{"href":"https:\/\/blogs.correiobraziliense.com.br\/vicente\/wp-json\/wp\/v2\/posts\/11258","targetHints":{"allow":["GET"]}}],"collection":[{"href":"https:\/\/blogs.correiobraziliense.com.br\/vicente\/wp-json\/wp\/v2\/posts"}],"about":[{"href":"https:\/\/blogs.correiobraziliense.com.br\/vicente\/wp-json\/wp\/v2\/types\/post"}],"author":[{"embeddable":true,"href":"https:\/\/blogs.correiobraziliense.com.br\/vicente\/wp-json\/wp\/v2\/users\/22"}],"replies":[{"embeddable":true,"href":"https:\/\/blogs.correiobraziliense.com.br\/vicente\/wp-json\/wp\/v2\/comments?post=11258"}],"version-history":[{"count":2,"href":"https:\/\/blogs.correiobraziliense.com.br\/vicente\/wp-json\/wp\/v2\/posts\/11258\/revisions"}],"predecessor-version":[{"id":11277,"href":"https:\/\/blogs.correiobraziliense.com.br\/vicente\/wp-json\/wp\/v2\/posts\/11258\/revisions\/11277"}],"wp:attachment":[{"href":"https:\/\/blogs.correiobraziliense.com.br\/vicente\/wp-json\/wp\/v2\/media?parent=11258"}],"wp:term":[{"taxonomy":"category","embeddable":true,"href":"https:\/\/blogs.correiobraziliense.com.br\/vicente\/wp-json\/wp\/v2\/categories?post=11258"},{"taxonomy":"post_tag","embeddable":true,"href":"https:\/\/blogs.correiobraziliense.com.br\/vicente\/wp-json\/wp\/v2\/tags?post=11258"}],"curies":[{"name":"wp","href":"https:\/\/api.w.org\/{rel}","templated":true}]}}