{"id":11253,"date":"2019-07-11T11:50:03","date_gmt":"2019-07-11T14:50:03","guid":{"rendered":"https:\/\/blogs.correiobraziliense.com.br\/vicente\/?p=11253"},"modified":"2019-07-11T11:58:05","modified_gmt":"2019-07-11T14:58:05","slug":"governo-costura-base-com-evangelicos-e-ruralistas-em-movimento-de-ruptura-do-centrao","status":"publish","type":"post","link":"https:\/\/blogs.correiobraziliense.com.br\/vicente\/governo-costura-base-com-evangelicos-e-ruralistas-em-movimento-de-ruptura-do-centrao\/","title":{"rendered":"Governo costura base com evang\u00e9licos e ruralistas em movimento de ruptura do Centr\u00e3o"},"content":{"rendered":"<p><span style=\"font-weight: 400\">RODOLFO COSTA<\/span><\/p>\n<p><span style=\"font-weight: 400\">Pelo segundo dia consecutivo, o presidente Jair Bolsonaro se reuniu nesta quinta-feira (11\/7) com representantes da bancada evang\u00e9lica em um di\u00e1logo pautado na constru\u00e7\u00e3o da base governista para depois da reforma da Previd\u00eancia. A articula\u00e7\u00e3o n\u00e3o consiste em se ancorar na frente parlamentar esperando que, institucionalmente, ela garanta votos para o governo. Mas, sim, utiliz\u00e1-la como mecanismo de mapeamento e capta\u00e7\u00e3o de parlamentares do alto escal\u00e3o dos partidos mais numerosos do Congresso dispostos a apoiar o Executivo. O objetivo: rachar o Centr\u00e3o.\u00a0<\/span><\/p>\n<p>&nbsp;<\/p>\n<p><span style=\"font-weight: 400\">O mesmo acontece em rela\u00e7\u00e3o \u00e0 Frente Parlamentar da Agropecu\u00e1ria (FPA), recebida por Bolsonaro em caf\u00e9 da manh\u00e3 no Pal\u00e1cio do Planalto na \u00faltima quinta-feira (4\/7). A costura \u00e9 capitaneada pelo ministro-chefe da Secretaria de Governo, Luiz Eduardo Ramos, que tomou posse naquele mesmo dia. Quando assumiu o cargo, o articulador pol\u00edtico colocou em pr\u00e1tica uma articula\u00e7\u00e3o que vinha sendo constru\u00edda quando ainda era o titular do Comando Militar do Sudeste.<\/span><\/p>\n<p>&nbsp;<\/p>\n<p><span style=\"font-weight: 400\">Desde que foi anunciado por Bolsonaro como sucessor do general Santos Cruz na Secretaria de Governo, ainda em 13 de junho, Ramos manteve contato pr\u00f3ximo com parlamentares ruralistas e evang\u00e9licos. A ideia era iniciar a articula\u00e7\u00e3o com o p\u00e9 direito. N\u00e3o necessariamente como o \u201cgeneral\u201d da articula\u00e7\u00e3o governista na reforma previdenci\u00e1ria, fun\u00e7\u00e3o ainda exercida pelo ministro-chefe da Casa Civil, Onyx Lorenzoni. O olhar do ministro est\u00e1 no p\u00f3s-Previd\u00eancia.<\/span><\/p>\n<p>&nbsp;<\/p>\n<p><span style=\"font-weight: 400\">O Centr\u00e3o \u00e9 um bloco pol\u00edtico informal composto por PP, PL e PRB. Orbitam entre esses partidos DEM, PSDB, MDB e PSD. Parte da c\u00fapula desses sete partidos \u00e9 pr\u00f3xima do presidente da C\u00e2mara dos Deputados, Rodrigo Maia (DEM-RJ). O problema \u00e9 que, depois da Previd\u00eancia, e com o pacote anticrime governista sendo desidratado, a leitura feita no Parlamento \u00e9 de que, encaminhada a reforma ao Senado, a tend\u00eancia na C\u00e2mara ser\u00e1 de amplia\u00e7\u00e3o do protagonismo de Maia e do clima de \u201cparlamentarismo branco\u201d.<\/span><\/p>\n<p>&nbsp;<\/p>\n<p><b>Teia<\/b><\/p>\n<p><span style=\"font-weight: 400\">Por esse motivo, aliados de Ramos do pr\u00f3prio Centr\u00e3o alertaram desde a \u201ctransi\u00e7\u00e3o\u201d do ministro para a necessidade de rachar o bloco. Divis\u00e3o que vir\u00e1 pela articula\u00e7\u00e3o com as bancadas ruralista e evang\u00e9lica, puxando parlamentares do alto clero de PP, PL, PRB dispostos a evitar o enfraquecimento do governo depois do recesso parlamentar. A costura prometida por alguns membros desses partidos incluiria at\u00e9 mesmo parte da c\u00fapula do MDB.\u00a0<\/span><\/p>\n<p>&nbsp;<\/p>\n<p><span style=\"font-weight: 400\">O presidente nacional do PRB e vice-presidente da C\u00e2mara, Marcos Pereira (SP), \u00e9 um dos nomes que est\u00e1 sendo convencido a apoiar o governo. Membro do alto escal\u00e3o da bancada evang\u00e9lica, junta-se a ele o presidente da frente parlamentar, Silas C\u00e2mara (PRB-AM), e o deputado Jo\u00e3o Campos (PRB-GO). S\u00e3o nomes que, juntos, conseguem puxar o alto clero de outros partidos conectados, tamb\u00e9m, aos ruralistas e aos deputados da bancada da bala. E vice-versa. Como uma teia.<\/span><\/p>\n<p>&nbsp;<\/p>\n<p><b>C\u00e1lculos<\/b><\/p>\n<p><span style=\"font-weight: 400\">O deputado Fausto Pinato (PP-SP), presidente da Comiss\u00e3o de Agricultura da C\u00e2mara, \u00e9 outro parlamentar engajado com Ramos nas articula\u00e7\u00f5es pela forma\u00e7\u00e3o da base. Dele, aproximam-se nomes como Alceu Moreira (MDB-RS), presidente da FPA, e S\u00e9rgio Souza (MDB-PR), vice-presidente na C\u00e2mara da bancada. O deputado Capit\u00e3o Augusto (PL-SP), presidente da bancada da bala e da Comiss\u00e3o de Seguran\u00e7a P\u00fablica da C\u00e2mara, \u00e9 outro integrante nas conversas.<\/span><\/p>\n<p>&nbsp;<\/p>\n<p><span style=\"font-weight: 400\">\u00c9 partindo desses parlamentares que o governo pretende, a partir do alto clero, rachar o Centr\u00e3o, com apoio do baixo clero. Da\u00ed, a expectativa \u00e9 construir a base de apoio que, pelos c\u00e1lculos de alguns desses aliados, conseguiriam entre 200 e 220 votos na C\u00e2mara. Sem contar com o PSL. Somando o partido de Bolsonaro \u00e0 conta, essa quantidade chegaria a 274 votos. Perto do necess\u00e1rio para aprovar uma Proposta de Emenda \u00e0 Constitui\u00e7\u00e3o (PEC), como a reforma da Previd\u00eancia, que exige 308. O restante, acreditam alguns, viria por in\u00e9rcia.<\/span><\/p>\n","protected":false},"excerpt":{"rendered":"<p>RODOLFO COSTA Pelo segundo dia consecutivo, o presidente Jair Bolsonaro se reuniu nesta quinta-feira (11\/7) com representantes da bancada evang\u00e9lica em um di\u00e1logo pautado na constru\u00e7\u00e3o da base governista para depois da reforma da Previd\u00eancia. A articula\u00e7\u00e3o n\u00e3o consiste em se ancorar na frente parlamentar esperando que, institucionalmente, ela garanta votos para o governo. Mas, [&hellip;]<\/p>\n","protected":false},"author":22,"featured_media":11254,"comment_status":"open","ping_status":"closed","sticky":false,"template":"","format":"standard","meta":{"footnotes":""},"categories":[600],"tags":[3990,2554,659,2746,3909,3988,2491,913,3989,3396,3987],"class_list":["post-11253","post","type-post","status-publish","format-standard","has-post-thumbnail","hentry","category-economia","tag-bancada","tag-bolsonaro","tag-centrao","tag-evangelicos","tag-fausto-pinato","tag-luiz-eduardo-ramos","tag-maia","tag-marcos-pereira","tag-ramos","tag-ruralista","tag-silas-camara"],"_links":{"self":[{"href":"https:\/\/blogs.correiobraziliense.com.br\/vicente\/wp-json\/wp\/v2\/posts\/11253","targetHints":{"allow":["GET"]}}],"collection":[{"href":"https:\/\/blogs.correiobraziliense.com.br\/vicente\/wp-json\/wp\/v2\/posts"}],"about":[{"href":"https:\/\/blogs.correiobraziliense.com.br\/vicente\/wp-json\/wp\/v2\/types\/post"}],"author":[{"embeddable":true,"href":"https:\/\/blogs.correiobraziliense.com.br\/vicente\/wp-json\/wp\/v2\/users\/22"}],"replies":[{"embeddable":true,"href":"https:\/\/blogs.correiobraziliense.com.br\/vicente\/wp-json\/wp\/v2\/comments?post=11253"}],"version-history":[{"count":2,"href":"https:\/\/blogs.correiobraziliense.com.br\/vicente\/wp-json\/wp\/v2\/posts\/11253\/revisions"}],"predecessor-version":[{"id":11256,"href":"https:\/\/blogs.correiobraziliense.com.br\/vicente\/wp-json\/wp\/v2\/posts\/11253\/revisions\/11256"}],"wp:featuredmedia":[{"embeddable":true,"href":"https:\/\/blogs.correiobraziliense.com.br\/vicente\/wp-json\/wp\/v2\/media\/11254"}],"wp:attachment":[{"href":"https:\/\/blogs.correiobraziliense.com.br\/vicente\/wp-json\/wp\/v2\/media?parent=11253"}],"wp:term":[{"taxonomy":"category","embeddable":true,"href":"https:\/\/blogs.correiobraziliense.com.br\/vicente\/wp-json\/wp\/v2\/categories?post=11253"},{"taxonomy":"post_tag","embeddable":true,"href":"https:\/\/blogs.correiobraziliense.com.br\/vicente\/wp-json\/wp\/v2\/tags?post=11253"}],"curies":[{"name":"wp","href":"https:\/\/api.w.org\/{rel}","templated":true}]}}