{"id":11247,"date":"2019-07-10T09:07:35","date_gmt":"2019-07-10T12:07:35","guid":{"rendered":"https:\/\/blogs.correiobraziliense.com.br\/vicente\/?p=11247"},"modified":"2019-07-10T16:12:30","modified_gmt":"2019-07-10T19:12:30","slug":"fundacao-para-a-infancia-e-adolescencia-fecha-parceria-para-ajudar-jovens-vulneraveis","status":"publish","type":"post","link":"https:\/\/blogs.correiobraziliense.com.br\/vicente\/fundacao-para-a-infancia-e-adolescencia-fecha-parceria-para-ajudar-jovens-vulneraveis\/","title":{"rendered":"Funda\u00e7\u00e3o para a Inf\u00e2ncia e Adolesc\u00eancia fecha parceria para ajudar jovens vulner\u00e1veis"},"content":{"rendered":"<h2>HAMILTON FERRARI<\/h2>\n<h2><\/h2>\n<h2>A Funda\u00e7\u00e3o para a Inf\u00e2ncia e Adolesc\u00eancia (FIA), autarquia vinculada \u00e0 Secretaria de Estado de Desenvolvimento Social e Direitos Humanos do Rio de Janeiro, firmou parceria com a Funda\u00e7\u00e3o Dom Cabral, para dar mais oportunidades a 13 adolescentes em situa\u00e7\u00e3o de vulnerabilidade.<\/h2>\n<h2><\/h2>\n<p>Os jovens fazem parte do Programa de Trabalho Protegido na Adolesc\u00eancia (PTPA) e participar\u00e3o do Programa Ra\u00edzes, projeto no qual eles ter\u00e3o acesso a diferentes \u00e1reas de conhecimento para &#8220;ampliar e fortalecer o senso de cidadania&#8221;.<\/p>\n<p>&nbsp;<\/p>\n<p>Ser\u00e3o quatro semanas de aulas e atividades culturais, totalizando 112 horas de dura\u00e7\u00e3o com professores da institui\u00e7\u00e3o. A Funda\u00e7\u00e3o Dom Cabral est\u00e1 entre as 10 melhores escolas de neg\u00f3cios do mundo e foi considerada pela 14 vez a melhor da Am\u00e9rica Latina, segundo o Ranking de Educa\u00e7\u00e3o Executiva do jornal ingl\u00eas Financial Times.<\/p>\n","protected":false},"excerpt":{"rendered":"<p>HAMILTON FERRARI A Funda\u00e7\u00e3o para a Inf\u00e2ncia e Adolesc\u00eancia (FIA), autarquia vinculada \u00e0 Secretaria de Estado de Desenvolvimento Social e Direitos Humanos do Rio de Janeiro, firmou parceria com a Funda\u00e7\u00e3o Dom Cabral, para dar mais oportunidades a 13 adolescentes em situa\u00e7\u00e3o de vulnerabilidade. Os jovens fazem parte do Programa de Trabalho Protegido na Adolesc\u00eancia [&hellip;]<\/p>\n","protected":false},"author":22,"featured_media":0,"comment_status":"open","ping_status":"closed","sticky":false,"template":"","format":"standard","meta":{"footnotes":""},"categories":[600],"tags":[3977,3985,3984,431,3986],"class_list":["post-11247","post","type-post","status-publish","format-standard","hentry","category-economia","tag-adolescentes","tag-fia","tag-fundacao","tag-jovens","tag-vulnerabilidade"],"_links":{"self":[{"href":"https:\/\/blogs.correiobraziliense.com.br\/vicente\/wp-json\/wp\/v2\/posts\/11247","targetHints":{"allow":["GET"]}}],"collection":[{"href":"https:\/\/blogs.correiobraziliense.com.br\/vicente\/wp-json\/wp\/v2\/posts"}],"about":[{"href":"https:\/\/blogs.correiobraziliense.com.br\/vicente\/wp-json\/wp\/v2\/types\/post"}],"author":[{"embeddable":true,"href":"https:\/\/blogs.correiobraziliense.com.br\/vicente\/wp-json\/wp\/v2\/users\/22"}],"replies":[{"embeddable":true,"href":"https:\/\/blogs.correiobraziliense.com.br\/vicente\/wp-json\/wp\/v2\/comments?post=11247"}],"version-history":[{"count":2,"href":"https:\/\/blogs.correiobraziliense.com.br\/vicente\/wp-json\/wp\/v2\/posts\/11247\/revisions"}],"predecessor-version":[{"id":11249,"href":"https:\/\/blogs.correiobraziliense.com.br\/vicente\/wp-json\/wp\/v2\/posts\/11247\/revisions\/11249"}],"wp:attachment":[{"href":"https:\/\/blogs.correiobraziliense.com.br\/vicente\/wp-json\/wp\/v2\/media?parent=11247"}],"wp:term":[{"taxonomy":"category","embeddable":true,"href":"https:\/\/blogs.correiobraziliense.com.br\/vicente\/wp-json\/wp\/v2\/categories?post=11247"},{"taxonomy":"post_tag","embeddable":true,"href":"https:\/\/blogs.correiobraziliense.com.br\/vicente\/wp-json\/wp\/v2\/tags?post=11247"}],"curies":[{"name":"wp","href":"https:\/\/api.w.org\/{rel}","templated":true}]}}