{"id":11234,"date":"2019-07-10T13:17:48","date_gmt":"2019-07-10T16:17:48","guid":{"rendered":"https:\/\/blogs.correiobraziliense.com.br\/vicente\/?p=11234"},"modified":"2019-07-10T13:19:45","modified_gmt":"2019-07-10T16:19:45","slug":"ipca-mais-fraco-abre-as-portas-para-queda-nos-juros-neste-mes","status":"publish","type":"post","link":"https:\/\/blogs.correiobraziliense.com.br\/vicente\/ipca-mais-fraco-abre-as-portas-para-queda-nos-juros-neste-mes\/","title":{"rendered":"IPCA mais fraco abre as portas para queda nos juros neste m\u00eas"},"content":{"rendered":"<h2><span style=\"font-weight: 400\">ROSANA HESSEL<\/span><\/h2>\n<h2><\/h2>\n<h2><span style=\"font-weight: 400\">O recuo do \u00cdndice de Pre\u00e7os ao Consumidor Amplo (IPCA) em junho para 3,37%, no acumulado em 12 meses, deixou o indicador da infla\u00e7\u00e3o oficial abaixo do centro da meta do Banco Central para este ano, de 4,25% anuais. Esse resultado abre as portas para cortes nos juros neste m\u00eas, de acordo com analistas. <\/span><\/h2>\n<h2><\/h2>\n<p>&nbsp;<\/p>\n<p><span style=\"font-weight: 400\">N\u00e3o \u00e0 toa, crescem as apostas de que o BC iniciar\u00e1 um novo ciclo de queda da Selic (taxa b\u00e1sica da economia), atualmente em 6,50% ao ano. As previs\u00f5es de corte variam de 0,25 ponto percentual a 1,0 ponto percentual.\u00a0\u00a0<\/span><\/p>\n<p>&nbsp;<\/p>\n<p><span style=\"font-weight: 400\">A pr\u00f3xima reuni\u00e3o do Comit\u00ea de Pol\u00edtica Monet\u00e1ria (Copom) est\u00e1 marcada para os dias 30 e 31 de julho.\u00a0<\/span><span style=\"font-weight: 400\">\u201cA queda acentuada da infla\u00e7\u00e3o brasileira para 3,4% em junho, abaixo da meta do Banco Central, sugere que os formuladores de pol\u00edticas em breve come\u00e7ar\u00e3o a aliviar a pol\u00edtica monet\u00e1ria\u201d, apostou William Jackson, economista-chefe para Mercados Emergentes da consultoria brit\u00e2nica Capital Economics. Ele considera um corte de 0,25 ponto percentual na Selic neste m\u00eas, para 6,25%, bastante \u201cprov\u00e1vel\u201d.\u00a0<\/span><\/p>\n<p>&nbsp;<\/p>\n<p><span style=\"font-weight: 400\">\u201cEsperamos que o Banco Central inicie um ciclo moderado de flexibiliza\u00e7\u00e3o das taxas (-100 pontos-base), potencialmente na reuni\u00e3o do Copom de 31 de julho, se o projeto de reforma da Previd\u00eancia for aprovado na C\u00e2mara dos Deputados em dois turnos antes antes do recesso de 18 de julho\u201d, afirmou o economista Alberto Ramos, diretor para a Am\u00e9rica Latina do Goldman Sachs. Para ele, o conte\u00fado da reforma \u00e9 percebido como \u201cs\u00f3lido o suficiente para manter os mercados financeiros bem ancorados\u201d.<\/span><\/p>\n<p>&nbsp;<\/p>\n<p><span style=\"font-weight: 400\">At\u00e9 maio, a infla\u00e7\u00e3o acumulada em 12 meses estava em 4,66%, conforme os dados divulgados nesta quarta-feira (10\/07) pelo Instituto Brasileiro de Geografia e Estat\u00edstica (IBGE). Em junho, o IPCA avan\u00e7ou apenas 0,01%, ou seja, ficou praticamente est\u00e1vel em rela\u00e7\u00e3o ao m\u00eas anterior, que teve varia\u00e7\u00e3o de 0,13%. No mesmo intervalo de 2018, o indicador tinha registrado alta de 1,26%.\u00a0 No acumulado do semestre, a taxa de infla\u00e7\u00e3o est\u00e1 em 2,23%.<\/span><\/p>\n<p>&nbsp;<\/p>\n","protected":false},"excerpt":{"rendered":"<p>ROSANA HESSEL O recuo do \u00cdndice de Pre\u00e7os ao Consumidor Amplo (IPCA) em junho para 3,37%, no acumulado em 12 meses, deixou o indicador da infla\u00e7\u00e3o oficial abaixo do centro da meta do Banco Central para este ano, de 4,25% anuais. Esse resultado abre as portas para cortes nos juros neste m\u00eas, de acordo com [&hellip;]<\/p>\n","protected":false},"author":22,"featured_media":0,"comment_status":"open","ping_status":"closed","sticky":false,"template":"","format":"standard","meta":{"footnotes":""},"categories":[600],"tags":[3,99,14,1213,4,34],"class_list":["post-11234","post","type-post","status-publish","format-standard","hentry","category-economia","tag-banco-central","tag-copom","tag-inflacao","tag-ipca","tag-juros","tag-selic"],"_links":{"self":[{"href":"https:\/\/blogs.correiobraziliense.com.br\/vicente\/wp-json\/wp\/v2\/posts\/11234","targetHints":{"allow":["GET"]}}],"collection":[{"href":"https:\/\/blogs.correiobraziliense.com.br\/vicente\/wp-json\/wp\/v2\/posts"}],"about":[{"href":"https:\/\/blogs.correiobraziliense.com.br\/vicente\/wp-json\/wp\/v2\/types\/post"}],"author":[{"embeddable":true,"href":"https:\/\/blogs.correiobraziliense.com.br\/vicente\/wp-json\/wp\/v2\/users\/22"}],"replies":[{"embeddable":true,"href":"https:\/\/blogs.correiobraziliense.com.br\/vicente\/wp-json\/wp\/v2\/comments?post=11234"}],"version-history":[{"count":2,"href":"https:\/\/blogs.correiobraziliense.com.br\/vicente\/wp-json\/wp\/v2\/posts\/11234\/revisions"}],"predecessor-version":[{"id":11240,"href":"https:\/\/blogs.correiobraziliense.com.br\/vicente\/wp-json\/wp\/v2\/posts\/11234\/revisions\/11240"}],"wp:attachment":[{"href":"https:\/\/blogs.correiobraziliense.com.br\/vicente\/wp-json\/wp\/v2\/media?parent=11234"}],"wp:term":[{"taxonomy":"category","embeddable":true,"href":"https:\/\/blogs.correiobraziliense.com.br\/vicente\/wp-json\/wp\/v2\/categories?post=11234"},{"taxonomy":"post_tag","embeddable":true,"href":"https:\/\/blogs.correiobraziliense.com.br\/vicente\/wp-json\/wp\/v2\/tags?post=11234"}],"curies":[{"name":"wp","href":"https:\/\/api.w.org\/{rel}","templated":true}]}}