{"id":11224,"date":"2019-07-09T21:22:16","date_gmt":"2019-07-10T00:22:16","guid":{"rendered":"https:\/\/blogs.correiobraziliense.com.br\/vicente\/?p=11224"},"modified":"2019-07-09T21:22:16","modified_gmt":"2019-07-10T00:22:16","slug":"camara-inicia-debate-da-regulamentacao-das-criptomoedas","status":"publish","type":"post","link":"https:\/\/blogs.correiobraziliense.com.br\/vicente\/camara-inicia-debate-da-regulamentacao-das-criptomoedas\/","title":{"rendered":"C\u00e2mara inicia debate da regulamenta\u00e7\u00e3o das criptomoedas"},"content":{"rendered":"<p>RODOLFO COSTA<\/p>\n<p>A aprova\u00e7\u00e3o da reforma da Previd\u00eancia na Comiss\u00e3o Especial foi, de fato, o divisor de \u00e1guas para o prosseguimento do debate das demais agendas econ\u00f4micas. Al\u00e9m da reforma tribut\u00e1ria, outra mat\u00e9ria tratada como de alta prioridade para o presidente da C\u00e2mara, Rodrigo Maia (DEM-RJ), ter\u00e1 as discuss\u00f5es iniciadas: a regulamenta\u00e7\u00e3o das criptomoedas.<\/p>\n<p>&nbsp;<\/p>\n<p>O <strong>Blog<\/strong> teve acesso a um documento que confirma a instala\u00e7\u00e3o nesta quarta-feira (10\/7) da Comiss\u00e3o Especial do projeto de lei 2.303\/2015, que busca regulamentar as moedas digitais no Brasil na defini\u00e7\u00e3o de &#8220;arranjos de pagamento&#8221; sob a supervis\u00e3o do Banco Central. A instala\u00e7\u00e3o e elei\u00e7\u00e3o da mesa do colegiado ocorrer\u00e1 \u00e0s 14h30, no Plen\u00e1rio 11.<\/p>\n<p>&nbsp;<\/p>\n<p>A mat\u00e9ria foi alvo de discuss\u00f5es internas entre Maia e lideran\u00e7as partid\u00e1rias em junho. O combate aos crimes cibern\u00e9ticos \u00e9 um dos motivos para a discuss\u00e3o. Diante da amea\u00e7a de hackers no Brasil, debater o assunto \u00e9 visto como uma agenda de seguran\u00e7a no combate aos crimes de tr\u00e1fico de drogas, lavagem de dinheiro, e viola\u00e7\u00e3o de direitos na internet, como vazamentos de dados, ao exemplo de Moro. Os criminosos virtuais s\u00e3o pagos com essas moedas digitais.<\/p>\n<p>&nbsp;<\/p>\n<p><strong>Mercado<\/strong><\/p>\n<p>Outro vi\u00e9s \u00e9 defendido pela discuss\u00e3o do tema. O da economia. A regulamenta\u00e7\u00e3o das criptomoedas, como a Bitcoin, pode impactar com o mercado dessas moedas. Como quarto maior pa\u00eds em volume de transa\u00e7\u00f5es por dia, o mercado estar\u00e1 de olho no Brasil. A ideia de parlamentares \u00e9 eleger um padr\u00e3o de criptografia das moedas que ser\u00e3o reconhecidas como oficiais no Brasil.<\/p>\n<p>&nbsp;<\/p>\n<p>No momento em que os deputados definirem quais criptomoedas s\u00e3o mais seguras, o impacto direto disso \u00e9 a valoriza\u00e7\u00e3o de determinadas moedas. Se o colegiado especial eleger a criptografia HR26, o c\u00f3digo de minera\u00e7\u00e3o mais seguro e inviol\u00e1vel &#8212; utilizado pelo Bitcoin &#8212; como o melhor modelo, a tend\u00eancia ser\u00e1 uma valoriza\u00e7\u00e3o das moedas que utilizam esse c\u00f3digo.<\/p>\n<p>&nbsp;<\/p>\n<p>&nbsp;<\/p>\n<p>&nbsp;<\/p>\n","protected":false},"excerpt":{"rendered":"<p>RODOLFO COSTA A aprova\u00e7\u00e3o da reforma da Previd\u00eancia na Comiss\u00e3o Especial foi, de fato, o divisor de \u00e1guas para o prosseguimento do debate das demais agendas econ\u00f4micas. Al\u00e9m da reforma tribut\u00e1ria, outra mat\u00e9ria tratada como de alta prioridade para o presidente da C\u00e2mara, Rodrigo Maia (DEM-RJ), ter\u00e1 as discuss\u00f5es iniciadas: a regulamenta\u00e7\u00e3o das criptomoedas. &nbsp; [&hellip;]<\/p>\n","protected":false},"author":22,"featured_media":0,"comment_status":"open","ping_status":"closed","sticky":false,"template":"","format":"standard","meta":{"footnotes":""},"categories":[600],"tags":[3,2762,134,2966],"class_list":["post-11224","post","type-post","status-publish","format-standard","hentry","category-economia","tag-banco-central","tag-bitcoin","tag-camara","tag-criptomoedas"],"_links":{"self":[{"href":"https:\/\/blogs.correiobraziliense.com.br\/vicente\/wp-json\/wp\/v2\/posts\/11224","targetHints":{"allow":["GET"]}}],"collection":[{"href":"https:\/\/blogs.correiobraziliense.com.br\/vicente\/wp-json\/wp\/v2\/posts"}],"about":[{"href":"https:\/\/blogs.correiobraziliense.com.br\/vicente\/wp-json\/wp\/v2\/types\/post"}],"author":[{"embeddable":true,"href":"https:\/\/blogs.correiobraziliense.com.br\/vicente\/wp-json\/wp\/v2\/users\/22"}],"replies":[{"embeddable":true,"href":"https:\/\/blogs.correiobraziliense.com.br\/vicente\/wp-json\/wp\/v2\/comments?post=11224"}],"version-history":[{"count":1,"href":"https:\/\/blogs.correiobraziliense.com.br\/vicente\/wp-json\/wp\/v2\/posts\/11224\/revisions"}],"predecessor-version":[{"id":11225,"href":"https:\/\/blogs.correiobraziliense.com.br\/vicente\/wp-json\/wp\/v2\/posts\/11224\/revisions\/11225"}],"wp:attachment":[{"href":"https:\/\/blogs.correiobraziliense.com.br\/vicente\/wp-json\/wp\/v2\/media?parent=11224"}],"wp:term":[{"taxonomy":"category","embeddable":true,"href":"https:\/\/blogs.correiobraziliense.com.br\/vicente\/wp-json\/wp\/v2\/categories?post=11224"},{"taxonomy":"post_tag","embeddable":true,"href":"https:\/\/blogs.correiobraziliense.com.br\/vicente\/wp-json\/wp\/v2\/tags?post=11224"}],"curies":[{"name":"wp","href":"https:\/\/api.w.org\/{rel}","templated":true}]}}