{"id":11188,"date":"2019-07-08T14:44:23","date_gmt":"2019-07-08T17:44:23","guid":{"rendered":"https:\/\/blogs.correiobraziliense.com.br\/vicente\/?p=11188"},"modified":"2019-07-08T14:44:23","modified_gmt":"2019-07-08T17:44:23","slug":"governo-do-rj-quer-inserir-240-adolescentes-em-protecao-no-detran-do-estado","status":"publish","type":"post","link":"https:\/\/blogs.correiobraziliense.com.br\/vicente\/governo-do-rj-quer-inserir-240-adolescentes-em-protecao-no-detran-do-estado\/","title":{"rendered":"Governo do RJ quer inserir 240 adolescentes em prote\u00e7\u00e3o no Detran do estado"},"content":{"rendered":"<h2>HAMILTON FERRARI<\/h2>\n<h2><\/h2>\n<h2>Um acordo de coopera\u00e7\u00e3o t\u00e9cnica entre a Secretaria de Estado de Desenvolvimento Social do Rio de Janeiro e o Departamento de Tr\u00e2nsito do Estado (Detran-RJ) prev\u00ea a inser\u00e7\u00e3o de 240 adolescentes\u00a0oriundos do\u00a0Programa de Trabalho Protegido na Adolesc\u00eancia (PTPA), at\u00e9 o final de 2019.<\/h2>\n<p>&nbsp;<\/p>\n<p>Por meio do que foi firmado, estes adolescentes far\u00e3o est\u00e1gio pr\u00e1ticos de rotinas administrativas do Detran-RJ. Inicialmente, 35 jovens foram selecionados e estar\u00e3o presentes no ato da assinatura do acordo.<\/p>\n<p>&nbsp;<\/p>\n<p>O PTPA \u00e9 um programa cujo objetivo \u00e9 oferecer aos adolescentes em situa\u00e7\u00e3o de vulnerabilidade oportunidade de inser\u00e7\u00e3o qualificada no mercado de trabalho por meio de parcerias promovidas pela FIA com institui\u00e7\u00f5es p\u00fablicas e privadas.<\/p>\n<p>&nbsp;<\/p>\n<p>A secret\u00e1ria de Estado de Desenvolvimento Social e Direitos Humanos do Rio e presidente da Funda\u00e7\u00e3o para Inf\u00e2ncia e Adolesc\u00eancia (FIA), Fabiana Bentes, e o presidente do Detran-RJ, Luiz Carlos Neves, assinam nessa segunda-feira (08\/07), \u00e0s 16h o acordo.<\/p>\n<p>&nbsp;<\/p>\n<p><em>Bras\u00edlia, 14h38min<\/em><\/p>\n","protected":false},"excerpt":{"rendered":"<p>HAMILTON FERRARI Um acordo de coopera\u00e7\u00e3o t\u00e9cnica entre a Secretaria de Estado de Desenvolvimento Social do Rio de Janeiro e o Departamento de Tr\u00e2nsito do Estado (Detran-RJ) prev\u00ea a inser\u00e7\u00e3o de 240 adolescentes\u00a0oriundos do\u00a0Programa de Trabalho Protegido na Adolesc\u00eancia (PTPA), at\u00e9 o final de 2019. &nbsp; Por meio do que foi firmado, estes adolescentes far\u00e3o [&hellip;]<\/p>\n","protected":false},"author":22,"featured_media":0,"comment_status":"open","ping_status":"closed","sticky":false,"template":"","format":"standard","meta":{"footnotes":""},"categories":[600],"tags":[3977,2679,467,2678],"class_list":["post-11188","post","type-post","status-publish","format-standard","hentry","category-economia","tag-adolescentes","tag-detran","tag-governo","tag-rj"],"_links":{"self":[{"href":"https:\/\/blogs.correiobraziliense.com.br\/vicente\/wp-json\/wp\/v2\/posts\/11188","targetHints":{"allow":["GET"]}}],"collection":[{"href":"https:\/\/blogs.correiobraziliense.com.br\/vicente\/wp-json\/wp\/v2\/posts"}],"about":[{"href":"https:\/\/blogs.correiobraziliense.com.br\/vicente\/wp-json\/wp\/v2\/types\/post"}],"author":[{"embeddable":true,"href":"https:\/\/blogs.correiobraziliense.com.br\/vicente\/wp-json\/wp\/v2\/users\/22"}],"replies":[{"embeddable":true,"href":"https:\/\/blogs.correiobraziliense.com.br\/vicente\/wp-json\/wp\/v2\/comments?post=11188"}],"version-history":[{"count":1,"href":"https:\/\/blogs.correiobraziliense.com.br\/vicente\/wp-json\/wp\/v2\/posts\/11188\/revisions"}],"predecessor-version":[{"id":11189,"href":"https:\/\/blogs.correiobraziliense.com.br\/vicente\/wp-json\/wp\/v2\/posts\/11188\/revisions\/11189"}],"wp:attachment":[{"href":"https:\/\/blogs.correiobraziliense.com.br\/vicente\/wp-json\/wp\/v2\/media?parent=11188"}],"wp:term":[{"taxonomy":"category","embeddable":true,"href":"https:\/\/blogs.correiobraziliense.com.br\/vicente\/wp-json\/wp\/v2\/categories?post=11188"},{"taxonomy":"post_tag","embeddable":true,"href":"https:\/\/blogs.correiobraziliense.com.br\/vicente\/wp-json\/wp\/v2\/tags?post=11188"}],"curies":[{"name":"wp","href":"https:\/\/api.w.org\/{rel}","templated":true}]}}