{"id":11181,"date":"2019-07-05T17:50:35","date_gmt":"2019-07-05T20:50:35","guid":{"rendered":"https:\/\/blogs.correiobraziliense.com.br\/vicente\/?p=11181"},"modified":"2019-07-05T18:57:16","modified_gmt":"2019-07-05T21:57:16","slug":"bolsa-quebra-novo-recorde-sobe-3-na-semana-e-planalto-bate-bumbo","status":"publish","type":"post","link":"https:\/\/blogs.correiobraziliense.com.br\/vicente\/bolsa-quebra-novo-recorde-sobe-3-na-semana-e-planalto-bate-bumbo\/","title":{"rendered":"Bolsa quebra novo recorde, sobe 3% na semana, e Planalto bate bumbo"},"content":{"rendered":"<h2>HAMILTON FERRARI<\/h2>\n<h2><\/h2>\n<h2>O entorno do presidente Jair Bolsonaro est\u00e1 em festa. A despeito de o chefe do Executivo n\u00e3o ter feito nada para a aprova\u00e7\u00e3o da reforma da Previd\u00eancia \u2014 na verdade, atrapalhou bastante o andamento do projeto \u2014, o Pal\u00e1cio do Planalto est\u00e1 comemorando os consecutivos recordes quebrados pela Bolsa de Valores de S\u00e3o Paulo (B3).<\/h2>\n<p>&nbsp;<\/p>\n<p>O Ibovespa, principal \u00edndice de lucratividade do preg\u00e3o paulista, encerrou a sexta-feira (5\/7) nos 104.089 pontos, com valoriza\u00e7\u00e3o de 0,44%. Foi o terceiro recorde seguido. Na semana, a Bolsa teve alta de 3%, refletindo a euforia dos investidores com a aprova\u00e7\u00e3o da reforma da Previd\u00eancia na Comiss\u00e3o Especial.<\/p>\n<p>&nbsp;<\/p>\n<p>A expectativa dos investidores \u00e9 de que a C\u00e2mara aprove a reforma em plen\u00e1rio antes do recesso, que come\u00e7ar\u00e1 em 18 de julho. A euforia \u00e9 tamanha, que, mesmo que os deputados votem a reforma somente em primeiro turno, n\u00e3o haver\u00e1 estresse. O importante \u00e9 que o processo ande e. na volta aos trabalhos do Legislativo, em agosto, a fatura seja liquidada.<\/p>\n<p>&nbsp;<\/p>\n<p><strong>D\u00f3lar e juros<\/strong><\/p>\n<p>&nbsp;<\/p>\n<p>Na esteira da valoriza\u00e7\u00e3o do Ibovespa, o mercado j\u00e1 d\u00e1 como certo a redu\u00e7\u00e3o da taxa b\u00e1sica de juros (Selic) na reuni\u00e3o deste m\u00eas do Comit\u00ea de Pol\u00edtica Monet\u00e1ria (Copom). As apostas nos contratos futuros de juros indicam 100% de chances de a Selic cair 0,25 ponto percentual, dos atuais 6,50% para 6,25% ao ano.<\/p>\n<p>&nbsp;<\/p>\n<p>A diretoria do BC admite o corte dos juros para estimular a economia, que est\u00e1 flertando com a recess\u00e3o, mas condiciona a flexibiliza\u00e7\u00e3o monet\u00e1ria \u00e0 aprova\u00e7\u00e3o da reforma. O BC precisa ter um discurso de comprometimento com a responsabilidade fiscal. A reforma da Previd\u00eancia, como se sabe, \u00e9 fundamental para o equil\u00edbrio das contas p\u00fablicas.<\/p>\n<p>&nbsp;<\/p>\n<p>No mercado de c\u00e2mbio, o d\u00f3lar subiu 0,47% nesta sexta, para R$ 3,82 na venda, contudo, mas semana, recuou 0,57%, o que \u00e9 visto como um al\u00edvio. O d\u00f3lar s\u00f3 n\u00e3o caiu mais porque o fluxo de recursos estrangeiros para o pa\u00eds est\u00e1 negativo em mais de US$ 5 bilh\u00f5es, como mostram as estat\u00edsticas do Banco Central.<\/p>\n<p>&nbsp;<\/p>\n<p><em>Bras\u00edlia, 17h50min<\/em><\/p>\n","protected":false},"excerpt":{"rendered":"<p>HAMILTON FERRARI O entorno do presidente Jair Bolsonaro est\u00e1 em festa. A despeito de o chefe do Executivo n\u00e3o ter feito nada para a aprova\u00e7\u00e3o da reforma da Previd\u00eancia \u2014 na verdade, atrapalhou bastante o andamento do projeto \u2014, o Pal\u00e1cio do Planalto est\u00e1 comemorando os consecutivos recordes quebrados pela Bolsa de Valores de S\u00e3o [&hellip;]<\/p>\n","protected":false},"author":22,"featured_media":11185,"comment_status":"open","ping_status":"closed","sticky":false,"template":"","format":"standard","meta":{"footnotes":""},"categories":[600],"tags":[2393,2554,254,343,199,4,429],"class_list":["post-11181","post","type-post","status-publish","format-standard","has-post-thumbnail","hentry","category-economia","tag-bolsa","tag-bolsonaro","tag-congresso","tag-dolar","tag-investidores","tag-juros","tag-previdencia"],"_links":{"self":[{"href":"https:\/\/blogs.correiobraziliense.com.br\/vicente\/wp-json\/wp\/v2\/posts\/11181","targetHints":{"allow":["GET"]}}],"collection":[{"href":"https:\/\/blogs.correiobraziliense.com.br\/vicente\/wp-json\/wp\/v2\/posts"}],"about":[{"href":"https:\/\/blogs.correiobraziliense.com.br\/vicente\/wp-json\/wp\/v2\/types\/post"}],"author":[{"embeddable":true,"href":"https:\/\/blogs.correiobraziliense.com.br\/vicente\/wp-json\/wp\/v2\/users\/22"}],"replies":[{"embeddable":true,"href":"https:\/\/blogs.correiobraziliense.com.br\/vicente\/wp-json\/wp\/v2\/comments?post=11181"}],"version-history":[{"count":4,"href":"https:\/\/blogs.correiobraziliense.com.br\/vicente\/wp-json\/wp\/v2\/posts\/11181\/revisions"}],"predecessor-version":[{"id":11186,"href":"https:\/\/blogs.correiobraziliense.com.br\/vicente\/wp-json\/wp\/v2\/posts\/11181\/revisions\/11186"}],"wp:featuredmedia":[{"embeddable":true,"href":"https:\/\/blogs.correiobraziliense.com.br\/vicente\/wp-json\/wp\/v2\/media\/11185"}],"wp:attachment":[{"href":"https:\/\/blogs.correiobraziliense.com.br\/vicente\/wp-json\/wp\/v2\/media?parent=11181"}],"wp:term":[{"taxonomy":"category","embeddable":true,"href":"https:\/\/blogs.correiobraziliense.com.br\/vicente\/wp-json\/wp\/v2\/categories?post=11181"},{"taxonomy":"post_tag","embeddable":true,"href":"https:\/\/blogs.correiobraziliense.com.br\/vicente\/wp-json\/wp\/v2\/tags?post=11181"}],"curies":[{"name":"wp","href":"https:\/\/api.w.org\/{rel}","templated":true}]}}