{"id":11160,"date":"2019-07-04T15:01:08","date_gmt":"2019-07-04T18:01:08","guid":{"rendered":"https:\/\/blogs.correiobraziliense.com.br\/vicente\/?p=11160"},"modified":"2019-07-04T18:06:55","modified_gmt":"2019-07-04T21:06:55","slug":"governo-comemora-previdencia-mas-e-surpreendido-com-reajuste-a-servidor-no-pldo","status":"publish","type":"post","link":"https:\/\/blogs.correiobraziliense.com.br\/vicente\/governo-comemora-previdencia-mas-e-surpreendido-com-reajuste-a-servidor-no-pldo\/","title":{"rendered":"Governo comemora Previd\u00eancia, mas \u00e9 surpreendido com reajuste a servidor no PLDO"},"content":{"rendered":"<h2>Antes de o Pal\u00e1cio do Planalto comemorar a aprova\u00e7\u00e3o da reforma da Previd\u00eancia na Comiss\u00e3o Especial, por 36 votos contra 13, uma derrota para o governo se desenhava na Comiss\u00e3o Mista do Or\u00e7amento (CMO).<\/h2>\n<p>&nbsp;<\/p>\n<p>O relator do Projeto de Lei de Diretrizes Or\u00e7ament\u00e1rias (PLDO), deputado Cac\u00e1 Le\u00e3o (PP-BA), afirmou que propor\u00e1, em seu parecer, a previs\u00e3o para que o Executivo autorize reajuste salarial aos servidores civis em 2020. O ministro da Economia, Paulo Guedes, vem dizendo que n\u00e3o h\u00e1 qualquer possibilidade de aumento aos funcion\u00e1rios p\u00fablicos no ano que vem, a n\u00e3o ser para os militares.<\/p>\n<p>&nbsp;<\/p>\n<figure id=\"attachment_6435\" aria-describedby=\"caption-attachment-6435\" style=\"width: 514px\" class=\"wp-caption alignleft\"><a href=\"https:\/\/blogs.correiobraziliense.com.br\/vicente\/wp-content\/uploads\/sites\/16\/2017\/11\/Mansueto.jpg\"><img loading=\"lazy\" decoding=\"async\" class=\" wp-image-6435\" src=\"https:\/\/blogs.correiobraziliense.com.br\/vicente\/wp-content\/uploads\/sites\/16\/2017\/11\/Mansueto.jpg\" alt=\"\" width=\"514\" height=\"341\" srcset=\"https:\/\/blogs.correiobraziliense.com.br\/vicente\/wp-content\/uploads\/sites\/16\/2017\/11\/Mansueto.jpg 800w, https:\/\/blogs.correiobraziliense.com.br\/vicente\/wp-content\/uploads\/sites\/16\/2017\/11\/Mansueto-300x199.jpg 300w, https:\/\/blogs.correiobraziliense.com.br\/vicente\/wp-content\/uploads\/sites\/16\/2017\/11\/Mansueto-768x510.jpg 768w, https:\/\/blogs.correiobraziliense.com.br\/vicente\/wp-content\/uploads\/sites\/16\/2017\/11\/Mansueto-350x232.jpg 350w, https:\/\/blogs.correiobraziliense.com.br\/vicente\/wp-content\/uploads\/sites\/16\/2017\/11\/Mansueto-550x365.jpg 550w, https:\/\/blogs.correiobraziliense.com.br\/vicente\/wp-content\/uploads\/sites\/16\/2017\/11\/Mansueto-230x153.jpg 230w\" sizes=\"auto, (max-width: 514px) 100vw, 514px\" \/><\/a><figcaption id=\"caption-attachment-6435\" class=\"wp-caption-text\">Foto: Carlos Moura\/CB\/D.A Press<\/figcaption><\/figure>\n<p>Para o governo, n\u00e3o h\u00e1 espa\u00e7o fiscal que contemple aumento de sal\u00e1rios os servidores civis, que tiveram os contracheques corrigidos nos \u00faltimos anos, sobretudo a elite do funcionalismo. Pelo governo, inclusive, a parcela de reajuste prevista para este ano teria sido adiada para 2020, o que n\u00e3o ocorreu por determina\u00e7\u00e3o do Supremo Tribunal Federal (STF).<\/p>\n<p>&nbsp;<\/p>\n<p><strong>Sem espa\u00e7o<\/strong><\/p>\n<p>&nbsp;<\/p>\n<p>Presente na CMO nesta quinta-feira (4\/7), o secret\u00e1rio do Tesouro Nacional, Mansueto Almeida, avisou que o fato de o reajuste aos servidores estar previsto na Lei de Diretrizes Or\u00e7ament\u00e1rias (LDO) n\u00e3o quer dizer que o governo seguir\u00e1 nesse caminho.<\/p>\n<p>&nbsp;<\/p>\n<p>Segundo Mansueto, o Or\u00e7amento deste ano est\u00e1 bem apertado e o do ano que vem, tamb\u00e9m, mesmo com a reforma da Previd\u00eancia. &#8220;A reforma evitar\u00e1 uma situa\u00e7\u00e3o de caos, mas o espa\u00e7o fiscal continuar\u00e1 apertado&#8221;, disse. Em 2019, a folha de sal\u00e1rios do Executivo custar\u00e1 R$ 326 bilh\u00f5es. \u00c9 a terceira maior fatura para o governo federal, atr\u00e1s da Previd\u00eancia e dos juros da d\u00edvida.<\/p>\n<p>&nbsp;<\/p>\n<p>A press\u00e3o dos servidores, por\u00e9m, ser\u00e1 grande. Eles dizem querer uma compensa\u00e7\u00e3o por estarem sendo penalizados pela reforma da Previd\u00eancia, que est\u00e1 avan\u00e7ando e deve ser aprovada no plen\u00e1rio da C\u00e2mara ainda antes do recesso parlamentar.<\/p>\n<p>&nbsp;<\/p>\n<p>O governo est\u00e1 t\u00e3o empenhado em segurar a folha salarial que baixou regras bem duras para os concursos p\u00fablicos.<\/p>\n<p>&nbsp;<\/p>\n<p><em>Bras\u00edlia, 15h01min<\/em><\/p>\n","protected":false},"excerpt":{"rendered":"<p>Antes de o Pal\u00e1cio do Planalto comemorar a aprova\u00e7\u00e3o da reforma da Previd\u00eancia na Comiss\u00e3o Especial, por 36 votos contra 13, uma derrota para o governo se desenhava na Comiss\u00e3o Mista do Or\u00e7amento (CMO). &nbsp; O relator do Projeto de Lei de Diretrizes Or\u00e7ament\u00e1rias (PLDO), deputado Cac\u00e1 Le\u00e3o (PP-BA), afirmou que propor\u00e1, em seu parecer, [&hellip;]<\/p>\n","protected":false},"author":22,"featured_media":0,"comment_status":"open","ping_status":"closed","sticky":false,"template":"","format":"standard","meta":{"footnotes":""},"categories":[600],"tags":[2839,521,429,124,123],"class_list":["post-11160","post","type-post","status-publish","format-standard","hentry","category-economia","tag-cmo","tag-ldo","tag-previdencia","tag-reajustes","tag-servidores"],"_links":{"self":[{"href":"https:\/\/blogs.correiobraziliense.com.br\/vicente\/wp-json\/wp\/v2\/posts\/11160","targetHints":{"allow":["GET"]}}],"collection":[{"href":"https:\/\/blogs.correiobraziliense.com.br\/vicente\/wp-json\/wp\/v2\/posts"}],"about":[{"href":"https:\/\/blogs.correiobraziliense.com.br\/vicente\/wp-json\/wp\/v2\/types\/post"}],"author":[{"embeddable":true,"href":"https:\/\/blogs.correiobraziliense.com.br\/vicente\/wp-json\/wp\/v2\/users\/22"}],"replies":[{"embeddable":true,"href":"https:\/\/blogs.correiobraziliense.com.br\/vicente\/wp-json\/wp\/v2\/comments?post=11160"}],"version-history":[{"count":5,"href":"https:\/\/blogs.correiobraziliense.com.br\/vicente\/wp-json\/wp\/v2\/posts\/11160\/revisions"}],"predecessor-version":[{"id":11172,"href":"https:\/\/blogs.correiobraziliense.com.br\/vicente\/wp-json\/wp\/v2\/posts\/11160\/revisions\/11172"}],"wp:attachment":[{"href":"https:\/\/blogs.correiobraziliense.com.br\/vicente\/wp-json\/wp\/v2\/media?parent=11160"}],"wp:term":[{"taxonomy":"category","embeddable":true,"href":"https:\/\/blogs.correiobraziliense.com.br\/vicente\/wp-json\/wp\/v2\/categories?post=11160"},{"taxonomy":"post_tag","embeddable":true,"href":"https:\/\/blogs.correiobraziliense.com.br\/vicente\/wp-json\/wp\/v2\/tags?post=11160"}],"curies":[{"name":"wp","href":"https:\/\/api.w.org\/{rel}","templated":true}]}}