{"id":11158,"date":"2019-07-04T12:45:54","date_gmt":"2019-07-04T15:45:54","guid":{"rendered":"https:\/\/blogs.correiobraziliense.com.br\/vicente\/?p=11158"},"modified":"2019-07-04T13:11:02","modified_gmt":"2019-07-04T16:11:02","slug":"bolsa-bate-recorde-pode-ir-aos-120-mil-pontos-e-juros-devem-cair","status":"publish","type":"post","link":"https:\/\/blogs.correiobraziliense.com.br\/vicente\/bolsa-bate-recorde-pode-ir-aos-120-mil-pontos-e-juros-devem-cair\/","title":{"rendered":"Bolsa bate recorde, pode ir aos 120 mil pontos e juros devem cair"},"content":{"rendered":"<figure id=\"attachment_10531\" aria-describedby=\"caption-attachment-10531\" style=\"width: 632px\" class=\"wp-caption alignleft\"><a href=\"https:\/\/blogs.correiobraziliense.com.br\/vicente\/wp-content\/uploads\/sites\/16\/2019\/04\/dolar.jpg\"><img loading=\"lazy\" decoding=\"async\" class=\" wp-image-10531\" src=\"https:\/\/blogs.correiobraziliense.com.br\/vicente\/wp-content\/uploads\/sites\/16\/2019\/04\/dolar.jpg\" alt=\"d\u00f3lar\" width=\"632\" height=\"421\" srcset=\"https:\/\/blogs.correiobraziliense.com.br\/vicente\/wp-content\/uploads\/sites\/16\/2019\/04\/dolar.jpg 800w, https:\/\/blogs.correiobraziliense.com.br\/vicente\/wp-content\/uploads\/sites\/16\/2019\/04\/dolar-300x200.jpg 300w, https:\/\/blogs.correiobraziliense.com.br\/vicente\/wp-content\/uploads\/sites\/16\/2019\/04\/dolar-768x512.jpg 768w, https:\/\/blogs.correiobraziliense.com.br\/vicente\/wp-content\/uploads\/sites\/16\/2019\/04\/dolar-350x233.jpg 350w, https:\/\/blogs.correiobraziliense.com.br\/vicente\/wp-content\/uploads\/sites\/16\/2019\/04\/dolar-550x366.jpg 550w, https:\/\/blogs.correiobraziliense.com.br\/vicente\/wp-content\/uploads\/sites\/16\/2019\/04\/dolar-230x153.jpg 230w\" sizes=\"auto, (max-width: 632px) 100vw, 632px\" \/><\/a><figcaption id=\"caption-attachment-10531\" class=\"wp-caption-text\">CR\u00c9DITO: YURI CORTEZ\/AFP<\/figcaption><\/figure>\n<h2>HAMILTON FERRARI<\/h2>\n<h2><\/h2>\n<h2>Com os mercados dos Estados Unidos fechados, por causa do feriado de 4 de julho, os investidores est\u00e3o apostando tudo na aprova\u00e7\u00e3o do relat\u00f3rio da reforma da Previd\u00eancia pela Comiss\u00e3o Especial. Se essa decis\u00e3o sair nesta quinta-feira (4\/7), se chegar\u00e1 ao exato ponto em que parou a reforma do governo Temer.<\/h2>\n<p>&nbsp;<\/p>\n<p>Tanta confian\u00e7a levou o Ibovespa, \u00edndice que mede a varia\u00e7\u00e3o das a\u00e7\u00f5es mais negociadas no preg\u00e3o da Bolsa de Valores de S\u00e3o Paulo, \u00e0 pontua\u00e7\u00e3o recorde de 103.687 pontos, por volta da 12h30. Muitos especialistas acreditam que, aprovada a Previd\u00eancia no plen\u00e1rio da C\u00e2mara ainda antes do recesso parlamentar, o Ibovespa caminhar\u00e1 para os 120 mil pontos.<\/p>\n<p>&nbsp;<\/p>\n<p>Os mesmos analistas acreditam que, neste quadro mais positivo, o Banco Central cumprir\u00e1 a promessa feita na ata do Comit\u00ea de Pol\u00edtica Monet\u00e1ria (Copom) e cortar\u00e1 a taxa b\u00e1sica de juros (Selic), de 6,50% ao ano, no fim de julho. A redu\u00e7\u00e3o dever\u00e1 ser de 0,25 ponto percentual., para 6,25% anuais.<\/p>\n<p>&nbsp;<\/p>\n<p><strong>Recess\u00e3o<\/strong><\/p>\n<p>&nbsp;<\/p>\n<p>Com a reforma bem encaminhada, ressaltam os analistas, n\u00e3o haver\u00e1 argumento para o BC adiar o corte de juros como forma de estimular a economia, que afunda desde o in\u00edcio do ano. No primeiro trimestre, o Produto Interno Bruto (PIB) teve queda de 0,2%. E deve ter tombo semelhante entre abril e junho, caracterizando recess\u00e3o t\u00e9cnica.<\/p>\n<p>&nbsp;<\/p>\n<p>Para os investidores, se aprovada a reforma da Previd\u00eancia, num contexto de juros menores, os agentes econ\u00f4micos se sentir\u00e3o mais confort\u00e1veis para ampliar os neg\u00f3cios, um al\u00edvio para o desemprego que atinge mais de 13 milh\u00f5es de pessoas e vem travando o consumo.<\/p>\n<p>&nbsp;<\/p>\n<p>Na esteira do otimismo que domina o mercado hoje, o d\u00f3lar est\u00e1 sendo negociado abaixo dos R$ 3,80, uma boa not\u00edcia para a infla\u00e7\u00e3o. Tamb\u00e9m por volta da 12h30, a moeda norte-americana era cotada a R$ 3,79 para venda, com baixa de 0,97%. Com a reforma, \u00e9 poss\u00edvel que o d\u00f3lar volte a ser negociado pr\u00f3ximo dos R$ 3,50.<\/p>\n<p>&nbsp;<\/p>\n<p><em>Bras\u00edlia, 12h45min<\/em><\/p>\n","protected":false},"excerpt":{"rendered":"<p>HAMILTON FERRARI Com os mercados dos Estados Unidos fechados, por causa do feriado de 4 de julho, os investidores est\u00e3o apostando tudo na aprova\u00e7\u00e3o do relat\u00f3rio da reforma da Previd\u00eancia pela Comiss\u00e3o Especial. Se essa decis\u00e3o sair nesta quinta-feira (4\/7), se chegar\u00e1 ao exato ponto em que parou a reforma do governo Temer. &nbsp; Tanta [&hellip;]<\/p>\n","protected":false},"author":22,"featured_media":0,"comment_status":"open","ping_status":"closed","sticky":false,"template":"","format":"standard","meta":{"footnotes":""},"categories":[600],"tags":[699,2393,343,3053,429,614],"class_list":["post-11158","post","type-post","status-publish","format-standard","hentry","category-economia","tag-aprovacao","tag-bolsa","tag-dolar","tag-ibovespa","tag-previdencia","tag-reforma"],"_links":{"self":[{"href":"https:\/\/blogs.correiobraziliense.com.br\/vicente\/wp-json\/wp\/v2\/posts\/11158","targetHints":{"allow":["GET"]}}],"collection":[{"href":"https:\/\/blogs.correiobraziliense.com.br\/vicente\/wp-json\/wp\/v2\/posts"}],"about":[{"href":"https:\/\/blogs.correiobraziliense.com.br\/vicente\/wp-json\/wp\/v2\/types\/post"}],"author":[{"embeddable":true,"href":"https:\/\/blogs.correiobraziliense.com.br\/vicente\/wp-json\/wp\/v2\/users\/22"}],"replies":[{"embeddable":true,"href":"https:\/\/blogs.correiobraziliense.com.br\/vicente\/wp-json\/wp\/v2\/comments?post=11158"}],"version-history":[{"count":1,"href":"https:\/\/blogs.correiobraziliense.com.br\/vicente\/wp-json\/wp\/v2\/posts\/11158\/revisions"}],"predecessor-version":[{"id":11159,"href":"https:\/\/blogs.correiobraziliense.com.br\/vicente\/wp-json\/wp\/v2\/posts\/11158\/revisions\/11159"}],"wp:attachment":[{"href":"https:\/\/blogs.correiobraziliense.com.br\/vicente\/wp-json\/wp\/v2\/media?parent=11158"}],"wp:term":[{"taxonomy":"category","embeddable":true,"href":"https:\/\/blogs.correiobraziliense.com.br\/vicente\/wp-json\/wp\/v2\/categories?post=11158"},{"taxonomy":"post_tag","embeddable":true,"href":"https:\/\/blogs.correiobraziliense.com.br\/vicente\/wp-json\/wp\/v2\/tags?post=11158"}],"curies":[{"name":"wp","href":"https:\/\/api.w.org\/{rel}","templated":true}]}}