{"id":11114,"date":"2019-06-26T18:41:51","date_gmt":"2019-06-26T21:41:51","guid":{"rendered":"https:\/\/blogs.correiobraziliense.com.br\/vicente\/?p=11114"},"modified":"2019-06-26T18:54:28","modified_gmt":"2019-06-26T21:54:28","slug":"na-esteira-da-pec-45-bancada-tributaria-apresenta-grupo-de-combate-a-sonegacao-fiscal","status":"publish","type":"post","link":"https:\/\/blogs.correiobraziliense.com.br\/vicente\/na-esteira-da-pec-45-bancada-tributaria-apresenta-grupo-de-combate-a-sonegacao-fiscal\/","title":{"rendered":"Na esteira da PEC 45, bancada tribut\u00e1ria apresenta grupo de combate \u00e0 sonega\u00e7\u00e3o fiscal"},"content":{"rendered":"<p><span style=\"font-weight: 400\">RODOLFO COSTA<\/span><\/p>\n<p><span style=\"font-weight: 400\">O presidente da C\u00e2mara, Rodrigo Maia (DEM-RJ), sinaliza como meta instalar na pr\u00f3xima semana a Comiss\u00e3o Especial da Proposta de Emenda \u00e0 Constitui\u00e7\u00e3o (PEC) 45\/2019, que trata sobre a reforma tribut\u00e1ria discutida pela alta c\u00fapula ligada ao demista. A mat\u00e9ria simplifica cinco tributos em um, o Imposto sobre Bens e Servi\u00e7os (IBS). Mas o arcabou\u00e7o da moderniza\u00e7\u00e3o tribut\u00e1ria no Congresso \u00e9 muito mais amplo e ganha novos contornos nesta quarta-feira (26\/6).<\/span><\/p>\n<p>&nbsp;<\/p>\n<p><span style=\"font-weight: 400\">A Frente Parlamentar Mista da Reforma Tribut\u00e1ria apresenta hoje, em jantar, o grupo de trabalho que estudar\u00e1 mecanismos para combater as fraudes e sonega\u00e7\u00f5es fiscais. A for\u00e7a tarefa ser\u00e1 formada pelos deputados Marcelo Moraes (PTB-RS), Herc\u00edlio Diniz (MDB-MG), Celso Sabino (PSDB-PA), Luiz Phillippe Bragan\u00e7a (PSL-SP), Chiquinho Braz\u00e3o (Avante-RJ), Al\u00ea Silva (PSL-MG), Alexis Fonteyne (Novo-SP), Evair de Melo (PP-ES) e Guiga Peixoto (PSL-SP).\u00a0<\/span><\/p>\n<p>&nbsp;<\/p>\n<p><span style=\"font-weight: 400\">O grupo ser\u00e1 coordenado pelo deputado Luis Miranda (DEM-DF), presidente da bancada tribut\u00e1ria. A inten\u00e7\u00e3o \u00e9, com diretrizes pr\u00e9-determinadas para cada membro, mapear o potencial de arrecada\u00e7\u00e3o escoado pela sonega\u00e7\u00e3o para, munido das informa\u00e7\u00f5es, produzir dispositivos legislativos que, se aprovados, possam garantir o combate efetivo.\u00a0<\/span><\/p>\n<p>&nbsp;<\/p>\n<p><span style=\"font-weight: 400\">O governo estar\u00e1 representado \u00e0 mesa da apresenta\u00e7\u00e3o do grupo pelo secret\u00e1rio especial da Receita Federal, Marcos Cintra. Ainda compor\u00e3o a mesa presidente da Associa\u00e7\u00e3o Nacional dos Auditores Fiscais da Receita Federal (Anfip), Floriano de S\u00e1 Neto, e o presidente da Federa\u00e7\u00e3o Nacional do Fisco Estadual e Distrital (Fenafisco), Charles de Alc\u00e2ntara.\u00a0<\/span><\/p>\n<p>&nbsp;<\/p>\n<p><b>Poder de compra<\/b><\/p>\n<p><span style=\"font-weight: 400\">Al\u00e9m da PEC 45 e do grupo de trabalho, a reforma tribut\u00e1ria ser\u00e1 discutida em outra frente, a da atualiza\u00e7\u00e3o da tabela do Imposto de Renda (IR) com tributa\u00e7\u00e3o sobre lucros e dividendos. Essa mat\u00e9ria ser\u00e1 debatida pelo Projeto de Lei 3.129\/19, de autoria de Miranda, que, na pr\u00e1tica, concede poder de compra para as fam\u00edlias. O texto est\u00e1 sob regime de urg\u00eancia urgent\u00edssima, que possibilita puxar a proposta para a Ordem do Dia da C\u00e2mara. No entanto, tramitar\u00e1 reduzidamente em outras comiss\u00f5es.<\/span><\/p>\n<p>&nbsp;<\/p>\n<p><span style=\"font-weight: 400\">O primeiro colegiado a debater a mat\u00e9ria \u00e9 a Comiss\u00e3o de Finan\u00e7as e Tributa\u00e7\u00e3o (CFT), presidida pelo deputado S\u00e9rgio Souza (MDB-PR). Ao <\/span><b>blog<\/b><span style=\"font-weight: 400\">, o emedebista confirmou que Sabino, vice-l\u00edder do PSDB na Casa, \u00e9 um dos cotados a assumir a relatoria. Entretanto, disse que ele \u201cdisputa\u201d com outros \u201cdois ou tr\u00eas\u201d parlamentares. \u201cAinda estou avaliando outros pedidos. Minha ideia \u00e9 escolher de acordo com o perfil\u201d, declarou. O parlamentar trabalha para anunciar a relatoria at\u00e9 a pr\u00f3xima semana. Mas nega que o prazo tenha a ver com a previs\u00e3o de instala\u00e7\u00e3o da Comiss\u00e3o Especial da PEC 45.<\/span><\/p>\n","protected":false},"excerpt":{"rendered":"<p>RODOLFO COSTA O presidente da C\u00e2mara, Rodrigo Maia (DEM-RJ), sinaliza como meta instalar na pr\u00f3xima semana a Comiss\u00e3o Especial da Proposta de Emenda \u00e0 Constitui\u00e7\u00e3o (PEC) 45\/2019, que trata sobre a reforma tribut\u00e1ria discutida pela alta c\u00fapula ligada ao demista. A mat\u00e9ria simplifica cinco tributos em um, o Imposto sobre Bens e Servi\u00e7os (IBS). Mas [&hellip;]<\/p>\n","protected":false},"author":22,"featured_media":11115,"comment_status":"open","ping_status":"closed","sticky":false,"template":"","format":"standard","meta":{"footnotes":""},"categories":[600],"tags":[134,2433,415,3877,3967,8,3968,1316],"class_list":["post-11114","post","type-post","status-publish","format-standard","has-post-thumbnail","hentry","category-economia","tag-camara","tag-fiscal","tag-fraudes","tag-luis-miranda","tag-pec-45","tag-receita-federal","tag-simplificacao-tributaria","tag-sonegacao"],"_links":{"self":[{"href":"https:\/\/blogs.correiobraziliense.com.br\/vicente\/wp-json\/wp\/v2\/posts\/11114","targetHints":{"allow":["GET"]}}],"collection":[{"href":"https:\/\/blogs.correiobraziliense.com.br\/vicente\/wp-json\/wp\/v2\/posts"}],"about":[{"href":"https:\/\/blogs.correiobraziliense.com.br\/vicente\/wp-json\/wp\/v2\/types\/post"}],"author":[{"embeddable":true,"href":"https:\/\/blogs.correiobraziliense.com.br\/vicente\/wp-json\/wp\/v2\/users\/22"}],"replies":[{"embeddable":true,"href":"https:\/\/blogs.correiobraziliense.com.br\/vicente\/wp-json\/wp\/v2\/comments?post=11114"}],"version-history":[{"count":3,"href":"https:\/\/blogs.correiobraziliense.com.br\/vicente\/wp-json\/wp\/v2\/posts\/11114\/revisions"}],"predecessor-version":[{"id":11120,"href":"https:\/\/blogs.correiobraziliense.com.br\/vicente\/wp-json\/wp\/v2\/posts\/11114\/revisions\/11120"}],"wp:featuredmedia":[{"embeddable":true,"href":"https:\/\/blogs.correiobraziliense.com.br\/vicente\/wp-json\/wp\/v2\/media\/11115"}],"wp:attachment":[{"href":"https:\/\/blogs.correiobraziliense.com.br\/vicente\/wp-json\/wp\/v2\/media?parent=11114"}],"wp:term":[{"taxonomy":"category","embeddable":true,"href":"https:\/\/blogs.correiobraziliense.com.br\/vicente\/wp-json\/wp\/v2\/categories?post=11114"},{"taxonomy":"post_tag","embeddable":true,"href":"https:\/\/blogs.correiobraziliense.com.br\/vicente\/wp-json\/wp\/v2\/tags?post=11114"}],"curies":[{"name":"wp","href":"https:\/\/api.w.org\/{rel}","templated":true}]}}