{"id":11103,"date":"2019-06-25T15:35:10","date_gmt":"2019-06-25T18:35:10","guid":{"rendered":"https:\/\/blogs.correiobraziliense.com.br\/vicente\/?p=11103"},"modified":"2019-06-25T16:14:27","modified_gmt":"2019-06-25T19:14:27","slug":"presidente-de-banco-publico-faz-questao-de-manter-fama-de-garanhao","status":"publish","type":"post","link":"https:\/\/blogs.correiobraziliense.com.br\/vicente\/presidente-de-banco-publico-faz-questao-de-manter-fama-de-garanhao\/","title":{"rendered":"Presidente de banco p\u00fablico faz quest\u00e3o de manter fama de &#8220;garanh\u00e3o&#8221;"},"content":{"rendered":"<p><a href=\"https:\/\/blogs.correiobraziliense.com.br\/vicente\/wp-content\/uploads\/sites\/16\/2019\/06\/coracao1.jpg\"><img loading=\"lazy\" decoding=\"async\" class=\"size-full wp-image-11104 alignleft\" src=\"https:\/\/blogs.correiobraziliense.com.br\/vicente\/wp-content\/uploads\/sites\/16\/2019\/06\/coracao1.jpg\" alt=\"\" width=\"263\" height=\"400\" srcset=\"https:\/\/blogs.correiobraziliense.com.br\/vicente\/wp-content\/uploads\/sites\/16\/2019\/06\/coracao1.jpg 263w, https:\/\/blogs.correiobraziliense.com.br\/vicente\/wp-content\/uploads\/sites\/16\/2019\/06\/coracao1-197x300.jpg 197w, https:\/\/blogs.correiobraziliense.com.br\/vicente\/wp-content\/uploads\/sites\/16\/2019\/06\/coracao1-230x350.jpg 230w\" sizes=\"auto, (max-width: 263px) 100vw, 263px\" \/><\/a><\/p>\n<p>Quem acompanha de perto o esc\u00e2ndalo sexual que abalou as estruturas de um banco p\u00fablico diz que o atual presidente da institui\u00e7\u00e3o faz quest\u00e3o de manter a fama de &#8220;garanh\u00e3o&#8221;.<\/p>\n<p>&nbsp;<\/p>\n<p>Mesmo depois de ter sido flagrado aos amassos com uma funcion\u00e1ria dentro de um carro, no estacionamento da sede do banco, em Bras\u00edlia, ele continua atacando poss\u00edveis v\u00edtimas.<\/p>\n<p>&nbsp;<\/p>\n<p>Essa carreira de &#8220;pegador&#8221;, como ele mesmo diz, vem de anos. Na iniciativa privada, tamb\u00e9m foi flagrado, diversas vezes, dando em cima de subordinadas. O chefe, acredita ele, pode tudo.<\/p>\n<p>&nbsp;<\/p>\n<p>Dentro do governo, todos sabem das estripulias sexuais do presidente do banco p\u00fablico, mas a op\u00e7\u00e3o \u00e9 por fechar os olhos, fingir-se de morto. Afinal, &#8220;o cara \u00e9 s\u00f3 um garanh\u00e3o&#8221;.<\/p>\n<p>&nbsp;<\/p>\n<p>O problema \u00e9 que, ao tratar o caso como folclore, o governo estimula que o presidente do banco p\u00fablico use o poder que ele acha que tem para satisfazer o ego.<\/p>\n<p>&nbsp;<\/p>\n<p>No banco p\u00fablico, tantos foram os casos registrados desde o in\u00edcio do ano, que muita coisa j\u00e1 \u00e9 tratada como piada. Mas a revolta come\u00e7a a crescer, em especial diante da omiss\u00e3o do governo.<\/p>\n<p>&nbsp;<\/p>\n<p><em>Bras\u00edlia, 15h35min<\/em><\/p>\n","protected":false},"excerpt":{"rendered":"<p>Quem acompanha de perto o esc\u00e2ndalo sexual que abalou as estruturas de um banco p\u00fablico diz que o atual presidente da institui\u00e7\u00e3o faz quest\u00e3o de manter a fama de &#8220;garanh\u00e3o&#8221;. &nbsp; Mesmo depois de ter sido flagrado aos amassos com uma funcion\u00e1ria dentro de um carro, no estacionamento da sede do banco, em Bras\u00edlia, ele [&hellip;]<\/p>\n","protected":false},"author":22,"featured_media":0,"comment_status":"open","ping_status":"closed","sticky":false,"template":"","format":"standard","meta":{"footnotes":""},"categories":[600],"tags":[3951,3962,3963,2652],"class_list":["post-11103","post","type-post","status-publish","format-standard","hentry","category-economia","tag-amassos","tag-banco-publico","tag-garanhao","tag-presidente"],"_links":{"self":[{"href":"https:\/\/blogs.correiobraziliense.com.br\/vicente\/wp-json\/wp\/v2\/posts\/11103","targetHints":{"allow":["GET"]}}],"collection":[{"href":"https:\/\/blogs.correiobraziliense.com.br\/vicente\/wp-json\/wp\/v2\/posts"}],"about":[{"href":"https:\/\/blogs.correiobraziliense.com.br\/vicente\/wp-json\/wp\/v2\/types\/post"}],"author":[{"embeddable":true,"href":"https:\/\/blogs.correiobraziliense.com.br\/vicente\/wp-json\/wp\/v2\/users\/22"}],"replies":[{"embeddable":true,"href":"https:\/\/blogs.correiobraziliense.com.br\/vicente\/wp-json\/wp\/v2\/comments?post=11103"}],"version-history":[{"count":1,"href":"https:\/\/blogs.correiobraziliense.com.br\/vicente\/wp-json\/wp\/v2\/posts\/11103\/revisions"}],"predecessor-version":[{"id":11105,"href":"https:\/\/blogs.correiobraziliense.com.br\/vicente\/wp-json\/wp\/v2\/posts\/11103\/revisions\/11105"}],"wp:attachment":[{"href":"https:\/\/blogs.correiobraziliense.com.br\/vicente\/wp-json\/wp\/v2\/media?parent=11103"}],"wp:term":[{"taxonomy":"category","embeddable":true,"href":"https:\/\/blogs.correiobraziliense.com.br\/vicente\/wp-json\/wp\/v2\/categories?post=11103"},{"taxonomy":"post_tag","embeddable":true,"href":"https:\/\/blogs.correiobraziliense.com.br\/vicente\/wp-json\/wp\/v2\/tags?post=11103"}],"curies":[{"name":"wp","href":"https:\/\/api.w.org\/{rel}","templated":true}]}}