{"id":11100,"date":"2019-06-25T13:38:50","date_gmt":"2019-06-25T16:38:50","guid":{"rendered":"https:\/\/blogs.correiobraziliense.com.br\/vicente\/?p=11100"},"modified":"2019-06-25T13:38:50","modified_gmt":"2019-06-25T16:38:50","slug":"ministro-da-educacao-volta-a-camara-para-discutir-fundeb-permanente","status":"publish","type":"post","link":"https:\/\/blogs.correiobraziliense.com.br\/vicente\/ministro-da-educacao-volta-a-camara-para-discutir-fundeb-permanente\/","title":{"rendered":"Ministro da Educa\u00e7\u00e3o volta \u00e0 C\u00e2mara para discutir Fundeb permanente"},"content":{"rendered":"<p>RODOLFO COSTA<\/p>\n<p>O ministro da Educa\u00e7\u00e3o, Abraham Weintraub, vai\u00a0na tarde desta ter\u00e7a-feira (25\/4) \u00e0 Comiss\u00e3o Especial que discute a cria\u00e7\u00e3o de um permanente\u00a0Fundo de Manuten\u00e7\u00e3o e Desenvolvimento da Educa\u00e7\u00e3o B\u00e1sica e de Valoriza\u00e7\u00e3o dos Profissionais da Educa\u00e7\u00e3o (Fundeb). \u00c9 a primeira ida do ministro ao Congresso desde que foi sabatinado, em 15 de maio, no Plen\u00e1rio da C\u00e2mara.<\/p>\n<p>&nbsp;<\/p>\n<p>A Proposta de Emenda \u00e0 Constitui\u00e7\u00e3o (PEC) 15\/2015 prev\u00ea um Fundeb permanente. Na legisla\u00e7\u00e3o atual, o fundo segue existindo somente at\u00e9 o fim de 2020. A sess\u00e3o de hoje \u00e9 a \u00faltima antes da apresenta\u00e7\u00e3o do substitutivo da relatora, deputada professora Dorinha Rezente (DEM-TO). A pauta \u00e9 defendida abertamente pelos governadores, que, em maio, apresentou documento defendendo a aprova\u00e7\u00e3o da mat\u00e9ria.<\/p>\n<p>&nbsp;<\/p>\n<p>O relat\u00f3rio final do Fundeb deve discutir, entre algumas medidas, a utiliza\u00e7\u00e3o de recursos do pr\u00e9-sal para financiar escolas fundamentais em tempo integral. \u00c9 uma pauta defendida pela bancada do Podemos, partido do presidente da Comiss\u00e3o Especial da PEC 15, deputado Bacelar (BA).<\/p>\n<p>&nbsp;<\/p>\n","protected":false},"excerpt":{"rendered":"<p>RODOLFO COSTA O ministro da Educa\u00e7\u00e3o, Abraham Weintraub, vai\u00a0na tarde desta ter\u00e7a-feira (25\/4) \u00e0 Comiss\u00e3o Especial que discute a cria\u00e7\u00e3o de um permanente\u00a0Fundo de Manuten\u00e7\u00e3o e Desenvolvimento da Educa\u00e7\u00e3o B\u00e1sica e de Valoriza\u00e7\u00e3o dos Profissionais da Educa\u00e7\u00e3o (Fundeb). \u00c9 a primeira ida do ministro ao Congresso desde que foi sabatinado, em 15 de maio, no [&hellip;]<\/p>\n","protected":false},"author":22,"featured_media":11101,"comment_status":"open","ping_status":"closed","sticky":false,"template":"","format":"standard","meta":{"footnotes":""},"categories":[600],"tags":[3959,3960,134,254,3961,2238,3958,467],"class_list":["post-11100","post","type-post","status-publish","format-standard","has-post-thumbnail","hentry","category-economia","tag-abraham-weintraub","tag-bacelar","tag-camara","tag-congresso","tag-dorinha","tag-educacao","tag-fundeb","tag-governo"],"_links":{"self":[{"href":"https:\/\/blogs.correiobraziliense.com.br\/vicente\/wp-json\/wp\/v2\/posts\/11100","targetHints":{"allow":["GET"]}}],"collection":[{"href":"https:\/\/blogs.correiobraziliense.com.br\/vicente\/wp-json\/wp\/v2\/posts"}],"about":[{"href":"https:\/\/blogs.correiobraziliense.com.br\/vicente\/wp-json\/wp\/v2\/types\/post"}],"author":[{"embeddable":true,"href":"https:\/\/blogs.correiobraziliense.com.br\/vicente\/wp-json\/wp\/v2\/users\/22"}],"replies":[{"embeddable":true,"href":"https:\/\/blogs.correiobraziliense.com.br\/vicente\/wp-json\/wp\/v2\/comments?post=11100"}],"version-history":[{"count":1,"href":"https:\/\/blogs.correiobraziliense.com.br\/vicente\/wp-json\/wp\/v2\/posts\/11100\/revisions"}],"predecessor-version":[{"id":11102,"href":"https:\/\/blogs.correiobraziliense.com.br\/vicente\/wp-json\/wp\/v2\/posts\/11100\/revisions\/11102"}],"wp:featuredmedia":[{"embeddable":true,"href":"https:\/\/blogs.correiobraziliense.com.br\/vicente\/wp-json\/wp\/v2\/media\/11101"}],"wp:attachment":[{"href":"https:\/\/blogs.correiobraziliense.com.br\/vicente\/wp-json\/wp\/v2\/media?parent=11100"}],"wp:term":[{"taxonomy":"category","embeddable":true,"href":"https:\/\/blogs.correiobraziliense.com.br\/vicente\/wp-json\/wp\/v2\/categories?post=11100"},{"taxonomy":"post_tag","embeddable":true,"href":"https:\/\/blogs.correiobraziliense.com.br\/vicente\/wp-json\/wp\/v2\/tags?post=11100"}],"curies":[{"name":"wp","href":"https:\/\/api.w.org\/{rel}","templated":true}]}}