{"id":11095,"date":"2019-06-25T12:41:43","date_gmt":"2019-06-25T15:41:43","guid":{"rendered":"https:\/\/blogs.correiobraziliense.com.br\/vicente\/?p=11095"},"modified":"2019-06-25T12:49:30","modified_gmt":"2019-06-25T15:49:30","slug":"apadrinhamento-de-maia-a-policiais-enciuma-bolsonaro-que-promete-mudancas","status":"publish","type":"post","link":"https:\/\/blogs.correiobraziliense.com.br\/vicente\/apadrinhamento-de-maia-a-policiais-enciuma-bolsonaro-que-promete-mudancas\/","title":{"rendered":"Apadrinhamento de Maia a policiais enciuma Bolsonaro, que promete mudan\u00e7as"},"content":{"rendered":"<p><span style=\"font-weight: 400\">RODOLFO COSTA<\/span><\/p>\n<p><span style=\"font-weight: 400\">Depois de o presidente da C\u00e2mara, Rodrigo Maia (DEM-RJ), apadrinhar os policiais, o presidente Jair Bolsonaro determinou a ado\u00e7\u00e3o de regras especiais de aposentadoria para policiais federais e rodovi\u00e1rios federais. \u00c9 o que afirmou nesta ter\u00e7a-feira (25\/6) o porta-voz da Presid\u00eancia da Rep\u00fablica, Ot\u00e1vio R\u00eago Barros. A ideia \u00e9 apreciar a categoria com prioridade no estabelecimento de regras de transi\u00e7\u00e3o para os novos integrantes.\u00a0<\/span><\/p>\n<p>&nbsp;<\/p>\n<p><span style=\"font-weight: 400\">O governo se comprometeu a rever a pens\u00e3o por morte e a regra de transi\u00e7\u00e3o. A ideia \u00e9 devolver a pens\u00e3o integral aos parentes dos policiais em caso de falecimento. A reforma da Previd\u00eancia prev\u00ea, atualmente, o pagamento de 50%, mais 10% por dependente. J\u00e1 a transi\u00e7\u00e3o n\u00e3o \u00e9 oferecida nem para idade, nem para o tempo de contribui\u00e7\u00e3o. \u201cEm resumo, est\u00e1 sendo priorizada a categoria por uma regra de transi\u00e7\u00e3o para um policial com idade igual a dos professores, que \u00e9 55 anos, e regras mais ben\u00e9ficas de c\u00e1lculo e de tempo de contribui\u00e7\u00e3o para os futuros profissionais\u201d, destacou R\u00eago Barros.\u00a0<\/span><\/p>\n<p>&nbsp;<\/p>\n<p><span style=\"font-weight: 400\">O desconforto causado aos policiais, no entanto, continua presente. O governo sinalizou rever as aposentadorias apenas para policiais federais. N\u00e3o h\u00e1 modifica\u00e7\u00f5es previstas para os policiais civis. A sensa\u00e7\u00e3o de representantes das categorias \u00e9 de que as sinaliza\u00e7\u00f5es do governo apenas foram feitas na pressa, sem a real preocupa\u00e7\u00e3o de resolver os problemas.\u00a0<\/span><\/p>\n<p>&nbsp;<\/p>\n<p><span style=\"font-weight: 400\">Um risco presidencial em uma data em que os policiais organizam um \u201ctuita\u00e7o\u201d. A Uni\u00e3o dos Policiais do Brasil (UPB) promete pressionar o governo hoje por mudan\u00e7as \u00e0s regras de aposentadoria em redes sociais como Twitter e Instagram. Algumas hashtags devem ser destacadas, como #AposentadoriaPolicialN\u00e3o\u00c9Privil\u00e9gio e #AposentadoriaPolicial\u00c9Direito. <\/span><\/p>\n","protected":false},"excerpt":{"rendered":"<p>RODOLFO COSTA Depois de o presidente da C\u00e2mara, Rodrigo Maia (DEM-RJ), apadrinhar os policiais, o presidente Jair Bolsonaro determinou a ado\u00e7\u00e3o de regras especiais de aposentadoria para policiais federais e rodovi\u00e1rios federais. \u00c9 o que afirmou nesta ter\u00e7a-feira (25\/6) o porta-voz da Presid\u00eancia da Rep\u00fablica, Ot\u00e1vio R\u00eago Barros. A ideia \u00e9 apreciar a categoria com [&hellip;]<\/p>\n","protected":false},"author":22,"featured_media":10489,"comment_status":"open","ping_status":"closed","sticky":false,"template":"","format":"standard","meta":{"footnotes":""},"categories":[600],"tags":[2554,2673,2491,271,772,3957,429,614],"class_list":["post-11095","post","type-post","status-publish","format-standard","has-post-thumbnail","hentry","category-economia","tag-bolsonaro","tag-federais","tag-maia","tag-pf","tag-policiais","tag-policias","tag-previdencia","tag-reforma"],"_links":{"self":[{"href":"https:\/\/blogs.correiobraziliense.com.br\/vicente\/wp-json\/wp\/v2\/posts\/11095","targetHints":{"allow":["GET"]}}],"collection":[{"href":"https:\/\/blogs.correiobraziliense.com.br\/vicente\/wp-json\/wp\/v2\/posts"}],"about":[{"href":"https:\/\/blogs.correiobraziliense.com.br\/vicente\/wp-json\/wp\/v2\/types\/post"}],"author":[{"embeddable":true,"href":"https:\/\/blogs.correiobraziliense.com.br\/vicente\/wp-json\/wp\/v2\/users\/22"}],"replies":[{"embeddable":true,"href":"https:\/\/blogs.correiobraziliense.com.br\/vicente\/wp-json\/wp\/v2\/comments?post=11095"}],"version-history":[{"count":3,"href":"https:\/\/blogs.correiobraziliense.com.br\/vicente\/wp-json\/wp\/v2\/posts\/11095\/revisions"}],"predecessor-version":[{"id":11098,"href":"https:\/\/blogs.correiobraziliense.com.br\/vicente\/wp-json\/wp\/v2\/posts\/11095\/revisions\/11098"}],"wp:featuredmedia":[{"embeddable":true,"href":"https:\/\/blogs.correiobraziliense.com.br\/vicente\/wp-json\/wp\/v2\/media\/10489"}],"wp:attachment":[{"href":"https:\/\/blogs.correiobraziliense.com.br\/vicente\/wp-json\/wp\/v2\/media?parent=11095"}],"wp:term":[{"taxonomy":"category","embeddable":true,"href":"https:\/\/blogs.correiobraziliense.com.br\/vicente\/wp-json\/wp\/v2\/categories?post=11095"},{"taxonomy":"post_tag","embeddable":true,"href":"https:\/\/blogs.correiobraziliense.com.br\/vicente\/wp-json\/wp\/v2\/tags?post=11095"}],"curies":[{"name":"wp","href":"https:\/\/api.w.org\/{rel}","templated":true}]}}