{"id":11075,"date":"2019-06-21T15:05:38","date_gmt":"2019-06-21T18:05:38","guid":{"rendered":"https:\/\/blogs.correiobraziliense.com.br\/vicente\/?p=11075"},"modified":"2019-06-21T17:52:33","modified_gmt":"2019-06-21T20:52:33","slug":"romance-de-presidente-de-banco-publico-com-subordinada-ja-resultou-em-separacao-de-uma-das-partes","status":"publish","type":"post","link":"https:\/\/blogs.correiobraziliense.com.br\/vicente\/romance-de-presidente-de-banco-publico-com-subordinada-ja-resultou-em-separacao-de-uma-das-partes\/","title":{"rendered":"Romance de presidente de banco p\u00fablico com subordinada j\u00e1 resultou em separa\u00e7\u00e3o de uma das partes"},"content":{"rendered":"<p><a href=\"https:\/\/blogs.correiobraziliense.com.br\/vicente\/wp-content\/uploads\/sites\/16\/2019\/06\/coracao.jpg\"><img loading=\"lazy\" decoding=\"async\" class=\"size-full wp-image-11076 alignleft\" src=\"https:\/\/blogs.correiobraziliense.com.br\/vicente\/wp-content\/uploads\/sites\/16\/2019\/06\/coracao.jpg\" alt=\"\" width=\"381\" height=\"400\" srcset=\"https:\/\/blogs.correiobraziliense.com.br\/vicente\/wp-content\/uploads\/sites\/16\/2019\/06\/coracao.jpg 381w, https:\/\/blogs.correiobraziliense.com.br\/vicente\/wp-content\/uploads\/sites\/16\/2019\/06\/coracao-286x300.jpg 286w, https:\/\/blogs.correiobraziliense.com.br\/vicente\/wp-content\/uploads\/sites\/16\/2019\/06\/coracao-333x350.jpg 333w, https:\/\/blogs.correiobraziliense.com.br\/vicente\/wp-content\/uploads\/sites\/16\/2019\/06\/coracao-230x241.jpg 230w\" sizes=\"auto, (max-width: 381px) 100vw, 381px\" \/><\/a><\/p>\n<p>O clima continua quente no banco p\u00fablico em que seu presidente foi pego aos amassos com uma subordinada num carro do estacionamento da sede da institui\u00e7\u00e3o. Os funcion\u00e1rios que acompanham o caso de perto garantem que uma das partes envolvidas no t\u00f3rrido romance j\u00e1 acabou o casamento.<\/p>\n<p>&nbsp;<\/p>\n<p>O problema \u00e9 que a outra parte resiste em abrir m\u00e3o da rela\u00e7\u00e3o de anos. Mas, apesar da resist\u00eancia, insiste na paix\u00e3o arrebatadora.<\/p>\n<p>&nbsp;<\/p>\n<p>Chama a aten\u00e7\u00e3o dentro desse banco p\u00fablico a ascens\u00e3o da funcion\u00e1ria fora dos padr\u00f5es da institui\u00e7\u00e3o desde que o atual presidente da institui\u00e7\u00e3o assumiu o cargo.<\/p>\n<p>&nbsp;<\/p>\n<p><strong>Hist\u00f3ria<\/strong><\/p>\n<p>&nbsp;<\/p>\n<p>N\u00e3o custa lembrar que, durante o governo Geisel, na ditadura militar, um presidente do Banco Central perdeu o posto depois de ser flagrado pela esposa com outra mulher.<\/p>\n<p>&nbsp;<\/p>\n<p>Em Bras\u00edlia, todos sabiam do caso extra-conjugal do presidente do BC, mas, somente depois de a esposa dele descobrir tudo, Geisel foi avisado e mandou demitir o subordinado.<\/p>\n<p>&nbsp;<\/p>\n<p>Ningu\u00e9m acredita que o ministro da Economia, Paulo Guedes, far\u00e1 o mesmo. O problema \u00e9 que o romance extra-conjugal do presidente do banco p\u00fablico ganhou propor\u00e7\u00f5es inesperadas.<\/p>\n<p>&nbsp;<\/p>\n<p><strong><em>Bras\u00edlia, 15h05min<\/em><\/strong><\/p>\n","protected":false},"excerpt":{"rendered":"<p>O clima continua quente no banco p\u00fablico em que seu presidente foi pego aos amassos com uma subordinada num carro do estacionamento da sede da institui\u00e7\u00e3o. Os funcion\u00e1rios que acompanham o caso de perto garantem que uma das partes envolvidas no t\u00f3rrido romance j\u00e1 acabou o casamento. &nbsp; O problema \u00e9 que a outra parte [&hellip;]<\/p>\n","protected":false},"author":22,"featured_media":0,"comment_status":"open","ping_status":"closed","sticky":false,"template":"","format":"standard","meta":{"footnotes":""},"categories":[600],"tags":[2592,3455,3613,2439,395],"class_list":["post-11075","post","type-post","status-publish","format-standard","hentry","category-economia","tag-banco","tag-casamento","tag-paulo-guedes","tag-publico","tag-separacao"],"_links":{"self":[{"href":"https:\/\/blogs.correiobraziliense.com.br\/vicente\/wp-json\/wp\/v2\/posts\/11075","targetHints":{"allow":["GET"]}}],"collection":[{"href":"https:\/\/blogs.correiobraziliense.com.br\/vicente\/wp-json\/wp\/v2\/posts"}],"about":[{"href":"https:\/\/blogs.correiobraziliense.com.br\/vicente\/wp-json\/wp\/v2\/types\/post"}],"author":[{"embeddable":true,"href":"https:\/\/blogs.correiobraziliense.com.br\/vicente\/wp-json\/wp\/v2\/users\/22"}],"replies":[{"embeddable":true,"href":"https:\/\/blogs.correiobraziliense.com.br\/vicente\/wp-json\/wp\/v2\/comments?post=11075"}],"version-history":[{"count":3,"href":"https:\/\/blogs.correiobraziliense.com.br\/vicente\/wp-json\/wp\/v2\/posts\/11075\/revisions"}],"predecessor-version":[{"id":11079,"href":"https:\/\/blogs.correiobraziliense.com.br\/vicente\/wp-json\/wp\/v2\/posts\/11075\/revisions\/11079"}],"wp:attachment":[{"href":"https:\/\/blogs.correiobraziliense.com.br\/vicente\/wp-json\/wp\/v2\/media?parent=11075"}],"wp:term":[{"taxonomy":"category","embeddable":true,"href":"https:\/\/blogs.correiobraziliense.com.br\/vicente\/wp-json\/wp\/v2\/categories?post=11075"},{"taxonomy":"post_tag","embeddable":true,"href":"https:\/\/blogs.correiobraziliense.com.br\/vicente\/wp-json\/wp\/v2\/tags?post=11075"}],"curies":[{"name":"wp","href":"https:\/\/api.w.org\/{rel}","templated":true}]}}