{"id":11070,"date":"2019-06-19T18:09:37","date_gmt":"2019-06-19T21:09:37","guid":{"rendered":"https:\/\/blogs.correiobraziliense.com.br\/vicente\/?p=11070"},"modified":"2019-06-19T18:17:08","modified_gmt":"2019-06-19T21:17:08","slug":"como-o-esperado-copom-decide-manter-taxa-selic-em-650-ao-ano","status":"publish","type":"post","link":"https:\/\/blogs.correiobraziliense.com.br\/vicente\/como-o-esperado-copom-decide-manter-taxa-selic-em-650-ao-ano\/","title":{"rendered":"Como o esperado, Copom decide manter taxa Selic em 6,50% ao ano"},"content":{"rendered":"<h2>HAMILTON FERRARI<\/h2>\n<h2><\/h2>\n<h2>Como o esperado pelo mercado, o Comit\u00ea de Pol\u00edtica Monet\u00e1ria (Copom) decidiu, de forma un\u00e2nime, manter a taxa b\u00e1sica Selic em 6,50% ao ano. A defini\u00e7\u00e3o j\u00e1 era aguardada pelo mercado financeiro que aposta em redu\u00e7\u00e3o dos juros na pr\u00f3xima reuni\u00e3o, que ocorrer\u00e1 no fim de julho. O BC sinalizou que precisa de &#8220;avan\u00e7os concretos&#8221; para poss\u00edvel altera\u00e7\u00e3o dos juros.<\/h2>\n<h2><\/h2>\n<p>Na pr\u00e1tica, os agentes j\u00e1 entendiam que havia uma possibilidade de cortar a Selic nesta reuni\u00e3o em, pelo menos, 0,25 ponto percentual, mas as declara\u00e7\u00f5es do presidente do BC, Roberto Campos Neto, n\u00e3o fomentaram as expectativas. A atividade econ\u00f4mica est\u00e1 muito mais fraca do que o esperado e a infla\u00e7\u00e3o se mostra controlada, bem abaixo do centro da meta, que \u00e9 de 4,25%.<\/p>\n<p>&nbsp;<\/p>\n<p>Tanto \u00e9 que os economistas est\u00e3o prevendo que a varia\u00e7\u00e3o do Produto Interno Bruto (PIB) do pa\u00eds ser\u00e1 pior do que o registrado em 2017 e em 2018, quando cresceu 1,1% em ambos os anos. Para 2019, a expectativa dos analistas \u00e9 de que a expans\u00e3o fique em 0,93%, de acordo com a pesquisa Focus, realizada pelo Banco Central (BC).<\/p>\n<p>&nbsp;<\/p>\n<p>Para economistas, a infla\u00e7\u00e3o tem apresentado uma trajet\u00f3ria mais benigna do que o esperado. O mercado espera que a taxa termine o ano em 3,84%. Com pouca demanda, o repasse de pre\u00e7os fica limitado.<\/p>\n<p>&nbsp;<\/p>\n<p><strong>Comunicado<\/strong><\/p>\n<p>&nbsp;<\/p>\n<p>De acordo com o BC, os indicadores recentes da atividade econ\u00f4mica indicam &#8220;interrup\u00e7\u00e3o do processo de recupera\u00e7\u00e3o da economia brasileira nos \u00faltimos trimestres&#8221;. Al\u00e9m disso, o cen\u00e1rio externo mostra-se menos adverso, em decorr\u00eancia das mudan\u00e7as nas &#8220;perspectivas para a pol\u00edtica monet\u00e1ria nas principais economias&#8221;. H\u00e1 uma tend\u00eancia de menores altas dos juros nos pa\u00edses desenvolvidos, o que \u00e9 positivo para o Brasil.<\/p>\n<p>&nbsp;<\/p>\n<p>O Copom tamb\u00e9m atualizou as proje\u00e7\u00f5es para a infla\u00e7\u00e3o de 2019 e 2020 para 3,6%, 3,9%, respectivamente. &#8220;Esse cen\u00e1rio sup\u00f5e trajet\u00f3ria de juros que encerra 2019 em 5,75% a.a. e se eleva a 6,50% a.a. em 2020. Tamb\u00e9m sup\u00f5e trajet\u00f3ria para a taxa de c\u00e2mbio que termina 2019 e 2020 em R$\/US$ 3,80&#8221;, informou.<\/p>\n<p>&nbsp;<\/p>\n<p>&#8220;O Comit\u00ea enfatiza que a continuidade do processo de reformas e ajustes necess\u00e1rios na economia brasileira \u00e9 essencial para a queda da taxa de juros estrutural e para a recupera\u00e7\u00e3o sustent\u00e1vel da economia. O Comit\u00ea ressalta ainda que a percep\u00e7\u00e3o de continuidade da agenda de reformas afeta as expectativas e proje\u00e7\u00f5es macroecon\u00f4micas correntes. Em particular, o Comit\u00ea julga que avan\u00e7os concretos nessa agenda s\u00e3o fundamentais para consolida\u00e7\u00e3o do cen\u00e1rio benigno para a infla\u00e7\u00e3o prospectiva&#8221;, comunicou.<\/p>\n<p>&nbsp;<\/p>\n<p><em>Bras\u00edlia, 18h03min<\/em><\/p>\n","protected":false},"excerpt":{"rendered":"<p>HAMILTON FERRARI Como o esperado pelo mercado, o Comit\u00ea de Pol\u00edtica Monet\u00e1ria (Copom) decidiu, de forma un\u00e2nime, manter a taxa b\u00e1sica Selic em 6,50% ao ano. A defini\u00e7\u00e3o j\u00e1 era aguardada pelo mercado financeiro que aposta em redu\u00e7\u00e3o dos juros na pr\u00f3xima reuni\u00e3o, que ocorrer\u00e1 no fim de julho. O BC sinalizou que precisa de [&hellip;]<\/p>\n","protected":false},"author":22,"featured_media":0,"comment_status":"open","ping_status":"closed","sticky":false,"template":"","format":"standard","meta":{"footnotes":""},"categories":[600],"tags":[106,99,4,3953,34,2836],"class_list":["post-11070","post","type-post","status-publish","format-standard","hentry","category-economia","tag-bc","tag-copom","tag-juros","tag-mantem","tag-selic","tag-taxa"],"_links":{"self":[{"href":"https:\/\/blogs.correiobraziliense.com.br\/vicente\/wp-json\/wp\/v2\/posts\/11070","targetHints":{"allow":["GET"]}}],"collection":[{"href":"https:\/\/blogs.correiobraziliense.com.br\/vicente\/wp-json\/wp\/v2\/posts"}],"about":[{"href":"https:\/\/blogs.correiobraziliense.com.br\/vicente\/wp-json\/wp\/v2\/types\/post"}],"author":[{"embeddable":true,"href":"https:\/\/blogs.correiobraziliense.com.br\/vicente\/wp-json\/wp\/v2\/users\/22"}],"replies":[{"embeddable":true,"href":"https:\/\/blogs.correiobraziliense.com.br\/vicente\/wp-json\/wp\/v2\/comments?post=11070"}],"version-history":[{"count":3,"href":"https:\/\/blogs.correiobraziliense.com.br\/vicente\/wp-json\/wp\/v2\/posts\/11070\/revisions"}],"predecessor-version":[{"id":11073,"href":"https:\/\/blogs.correiobraziliense.com.br\/vicente\/wp-json\/wp\/v2\/posts\/11070\/revisions\/11073"}],"wp:attachment":[{"href":"https:\/\/blogs.correiobraziliense.com.br\/vicente\/wp-json\/wp\/v2\/media?parent=11070"}],"wp:term":[{"taxonomy":"category","embeddable":true,"href":"https:\/\/blogs.correiobraziliense.com.br\/vicente\/wp-json\/wp\/v2\/categories?post=11070"},{"taxonomy":"post_tag","embeddable":true,"href":"https:\/\/blogs.correiobraziliense.com.br\/vicente\/wp-json\/wp\/v2\/tags?post=11070"}],"curies":[{"name":"wp","href":"https:\/\/api.w.org\/{rel}","templated":true}]}}