{"id":11066,"date":"2019-06-19T16:15:38","date_gmt":"2019-06-19T19:15:38","guid":{"rendered":"https:\/\/blogs.correiobraziliense.com.br\/vicente\/?p=11066"},"modified":"2019-06-19T16:16:57","modified_gmt":"2019-06-19T19:16:57","slug":"com-decisao-do-fed-ibovespa-supera-novamente-marca-de-100-mil-pontos","status":"publish","type":"post","link":"https:\/\/blogs.correiobraziliense.com.br\/vicente\/com-decisao-do-fed-ibovespa-supera-novamente-marca-de-100-mil-pontos\/","title":{"rendered":"Com decis\u00e3o do Fed, Ibovespa supera novamente marca de 100 mil pontos"},"content":{"rendered":"<h2>HAMILTON FERRARI<\/h2>\n<h2><\/h2>\n<h2>O Ibovespa, principal \u00edndice da Bolsa de Valores de S\u00e3o Paulo (B3), superou a marca de 100 mil pontos na tarde desta quarta-feira (19\/6). Ap\u00f3s a decis\u00e3o do Federal Reserve (Fed, o banco central dos Estados Unidos) em manter os juros americanos no mesmo n\u00edvel, houve um otimismo no mercado dom\u00e9stico.<\/h2>\n<h2><\/h2>\n<p>Na pr\u00e1tica, quanto menores os juros nos pa\u00edses desenvolvidos, h\u00e1 maior possibilidade de que investidores apliquem recursos em na\u00e7\u00f5es emergentes, como o Brasil. As taxas foram mantidas em 2,25% e 2,50%.<\/p>\n<p>&nbsp;<\/p>\n<p>No comunicado, o Fed defendeu que h\u00e1 os sinais de continuidade do crescimento econ\u00f4mico no pa\u00eds, mas tamb\u00e9m citou aumento de incertezas. Os EUA estavam num processo de alta de juros que foi encerrado em dezembro do ano passado. Parte do mercado esperava, inclusive, redu\u00e7\u00e3o das taxas nesta reuni\u00e3o.<\/p>\n<p>&nbsp;<\/p>\n<p>H\u00e1 uma expectativa menor em rela\u00e7\u00e3o \u00e0 atividade econ\u00f4mica mundial. Entidades internacionais, como a Fundo Monet\u00e1rio Internacional (FMI) reduziram as proje\u00e7\u00f5es para o crescimento, em raz\u00e3o da guerra comercial entre Estados Unidos e China.<\/p>\n<p>&nbsp;<\/p>\n<p>H\u00e1 tamb\u00e9m maior otimismo em rela\u00e7\u00e3o \u00e0 reforma da Previd\u00eancia. Segundo analistas do mercado, o relat\u00f3rio do deputado Samuel Moreira (PSDB-SP) surpreendeu positivamente, porque garante uma economia maior do que o previsto. Al\u00e9m disso, a percep\u00e7\u00e3o dos economistas \u00e9 de que h\u00e1 uma disposi\u00e7\u00e3o maior do Congresso em aprovar a reforma.<\/p>\n<p>&nbsp;<\/p>\n<p>A primeira vez que o Ibovespa superou 100 mil pontos foi em 18 de mar\u00e7o.<\/p>\n<p>&nbsp;<\/p>\n<p><em>Bras\u00edlia, 16h04min<\/em><\/p>\n","protected":false},"excerpt":{"rendered":"<p>HAMILTON FERRARI O Ibovespa, principal \u00edndice da Bolsa de Valores de S\u00e3o Paulo (B3), superou a marca de 100 mil pontos na tarde desta quarta-feira (19\/6). Ap\u00f3s a decis\u00e3o do Federal Reserve (Fed, o banco central dos Estados Unidos) em manter os juros americanos no mesmo n\u00edvel, houve um otimismo no mercado dom\u00e9stico. Na pr\u00e1tica, [&hellip;]<\/p>\n","protected":false},"author":22,"featured_media":0,"comment_status":"open","ping_status":"closed","sticky":false,"template":"","format":"standard","meta":{"footnotes":""},"categories":[600],"tags":[3394,2393,1103,3053,4],"class_list":["post-11066","post","type-post","status-publish","format-standard","hentry","category-economia","tag-acoes","tag-bolsa","tag-fed","tag-ibovespa","tag-juros"],"_links":{"self":[{"href":"https:\/\/blogs.correiobraziliense.com.br\/vicente\/wp-json\/wp\/v2\/posts\/11066","targetHints":{"allow":["GET"]}}],"collection":[{"href":"https:\/\/blogs.correiobraziliense.com.br\/vicente\/wp-json\/wp\/v2\/posts"}],"about":[{"href":"https:\/\/blogs.correiobraziliense.com.br\/vicente\/wp-json\/wp\/v2\/types\/post"}],"author":[{"embeddable":true,"href":"https:\/\/blogs.correiobraziliense.com.br\/vicente\/wp-json\/wp\/v2\/users\/22"}],"replies":[{"embeddable":true,"href":"https:\/\/blogs.correiobraziliense.com.br\/vicente\/wp-json\/wp\/v2\/comments?post=11066"}],"version-history":[{"count":2,"href":"https:\/\/blogs.correiobraziliense.com.br\/vicente\/wp-json\/wp\/v2\/posts\/11066\/revisions"}],"predecessor-version":[{"id":11069,"href":"https:\/\/blogs.correiobraziliense.com.br\/vicente\/wp-json\/wp\/v2\/posts\/11066\/revisions\/11069"}],"wp:attachment":[{"href":"https:\/\/blogs.correiobraziliense.com.br\/vicente\/wp-json\/wp\/v2\/media?parent=11066"}],"wp:term":[{"taxonomy":"category","embeddable":true,"href":"https:\/\/blogs.correiobraziliense.com.br\/vicente\/wp-json\/wp\/v2\/categories?post=11066"},{"taxonomy":"post_tag","embeddable":true,"href":"https:\/\/blogs.correiobraziliense.com.br\/vicente\/wp-json\/wp\/v2\/tags?post=11066"}],"curies":[{"name":"wp","href":"https:\/\/api.w.org\/{rel}","templated":true}]}}