{"id":11064,"date":"2019-06-19T15:41:07","date_gmt":"2019-06-19T18:41:07","guid":{"rendered":"https:\/\/blogs.correiobraziliense.com.br\/vicente\/?p=11064"},"modified":"2019-06-19T16:21:42","modified_gmt":"2019-06-19T19:21:42","slug":"presidente-de-um-banco-publico-foi-pego-aos-amassos-com-funcionaria","status":"publish","type":"post","link":"https:\/\/blogs.correiobraziliense.com.br\/vicente\/presidente-de-um-banco-publico-foi-pego-aos-amassos-com-funcionaria\/","title":{"rendered":"Presidente de um banco p\u00fablico foi pego aos amassos com funcion\u00e1ria"},"content":{"rendered":"<h2>O presidente de um banco p\u00fablico foi pego aos amassos com uma funcion\u00e1ria dentro do carro no estacionamento da sede da institui\u00e7\u00e3o em Bras\u00edlia.<\/h2>\n<p>&nbsp;<\/p>\n<p>O motorista que flagrou o &#8220;rala e rola&#8221; foi demitido. Mas um v\u00eddeo com cenas picantes est\u00e1 rolando entre os funcion\u00e1rios da institui\u00e7\u00e3o.<\/p>\n<p>&nbsp;<\/p>\n<p>N\u00e3o se sabe o que o ministro da Economia, Paulo Guedes, far\u00e1 com o subordinado, escolhido por ele para comandar o banco;<\/p>\n<p>&nbsp;<\/p>\n<p>Nos corredores da institui\u00e7\u00e3o n\u00e3o se fala em outra coisa. A expectativa \u00e9 grande, sobretudo porque foi aberto um processo administrativo.<\/p>\n<p>&nbsp;<\/p>\n<p>A corregedoria do banco investiga se houve ass\u00e9dio moral no caso do motorista, que era muito querido dentro da institui\u00e7\u00e3o.<\/p>\n<p>&nbsp;<\/p>\n<p><em>Bras\u00edlia, 15h41min<\/em><\/p>\n","protected":false},"excerpt":{"rendered":"<p>O presidente de um banco p\u00fablico foi pego aos amassos com uma funcion\u00e1ria dentro do carro no estacionamento da sede da institui\u00e7\u00e3o em Bras\u00edlia. &nbsp; O motorista que flagrou o &#8220;rala e rola&#8221; foi demitido. Mas um v\u00eddeo com cenas picantes est\u00e1 rolando entre os funcion\u00e1rios da institui\u00e7\u00e3o. &nbsp; N\u00e3o se sabe o que o [&hellip;]<\/p>\n","protected":false},"author":22,"featured_media":0,"comment_status":"open","ping_status":"closed","sticky":false,"template":"","format":"standard","meta":{"footnotes":""},"categories":[600],"tags":[3951,2592,3952,2652,2439],"class_list":["post-11064","post","type-post","status-publish","format-standard","hentry","category-economia","tag-amassos","tag-banco","tag-funcionaria","tag-presidente","tag-publico"],"_links":{"self":[{"href":"https:\/\/blogs.correiobraziliense.com.br\/vicente\/wp-json\/wp\/v2\/posts\/11064","targetHints":{"allow":["GET"]}}],"collection":[{"href":"https:\/\/blogs.correiobraziliense.com.br\/vicente\/wp-json\/wp\/v2\/posts"}],"about":[{"href":"https:\/\/blogs.correiobraziliense.com.br\/vicente\/wp-json\/wp\/v2\/types\/post"}],"author":[{"embeddable":true,"href":"https:\/\/blogs.correiobraziliense.com.br\/vicente\/wp-json\/wp\/v2\/users\/22"}],"replies":[{"embeddable":true,"href":"https:\/\/blogs.correiobraziliense.com.br\/vicente\/wp-json\/wp\/v2\/comments?post=11064"}],"version-history":[{"count":2,"href":"https:\/\/blogs.correiobraziliense.com.br\/vicente\/wp-json\/wp\/v2\/posts\/11064\/revisions"}],"predecessor-version":[{"id":11067,"href":"https:\/\/blogs.correiobraziliense.com.br\/vicente\/wp-json\/wp\/v2\/posts\/11064\/revisions\/11067"}],"wp:attachment":[{"href":"https:\/\/blogs.correiobraziliense.com.br\/vicente\/wp-json\/wp\/v2\/media?parent=11064"}],"wp:term":[{"taxonomy":"category","embeddable":true,"href":"https:\/\/blogs.correiobraziliense.com.br\/vicente\/wp-json\/wp\/v2\/categories?post=11064"},{"taxonomy":"post_tag","embeddable":true,"href":"https:\/\/blogs.correiobraziliense.com.br\/vicente\/wp-json\/wp\/v2\/tags?post=11064"}],"curies":[{"name":"wp","href":"https:\/\/api.w.org\/{rel}","templated":true}]}}