{"id":11052,"date":"2019-06-19T14:32:44","date_gmt":"2019-06-19T17:32:44","guid":{"rendered":"https:\/\/blogs.correiobraziliense.com.br\/vicente\/?p=11052"},"modified":"2019-06-19T15:29:28","modified_gmt":"2019-06-19T18:29:28","slug":"assembleia-de-acionistas-aprova-privatizacao-da-ceb-distribuicao","status":"publish","type":"post","link":"https:\/\/blogs.correiobraziliense.com.br\/vicente\/assembleia-de-acionistas-aprova-privatizacao-da-ceb-distribuicao\/","title":{"rendered":"Assembleia de Acionistas aprova privatiza\u00e7\u00e3o da CEB Distribui\u00e7\u00e3o"},"content":{"rendered":"<p><a href=\"https:\/\/blogs.correiobraziliense.com.br\/vicente\/wp-content\/uploads\/sites\/16\/2019\/06\/CEB.jpg\"><img loading=\"lazy\" decoding=\"async\" class=\"wp-image-11053 alignleft\" src=\"https:\/\/blogs.correiobraziliense.com.br\/vicente\/wp-content\/uploads\/sites\/16\/2019\/06\/CEB-576x1024.jpg\" alt=\"\" width=\"474\" height=\"843\" srcset=\"https:\/\/blogs.correiobraziliense.com.br\/vicente\/wp-content\/uploads\/sites\/16\/2019\/06\/CEB-576x1024.jpg 576w, https:\/\/blogs.correiobraziliense.com.br\/vicente\/wp-content\/uploads\/sites\/16\/2019\/06\/CEB-169x300.jpg 169w, https:\/\/blogs.correiobraziliense.com.br\/vicente\/wp-content\/uploads\/sites\/16\/2019\/06\/CEB-197x350.jpg 197w, https:\/\/blogs.correiobraziliense.com.br\/vicente\/wp-content\/uploads\/sites\/16\/2019\/06\/CEB-550x978.jpg 550w, https:\/\/blogs.correiobraziliense.com.br\/vicente\/wp-content\/uploads\/sites\/16\/2019\/06\/CEB-230x409.jpg 230w, https:\/\/blogs.correiobraziliense.com.br\/vicente\/wp-content\/uploads\/sites\/16\/2019\/06\/CEB.jpg 720w\" sizes=\"auto, (max-width: 474px) 100vw, 474px\" \/><\/a><\/p>\n<p>Em assembleia realizada nesta quarta-feira, 19 de julho, acionistas da Companhia Energ\u00e9tica de Bras\u00edlia (CEB) aprovaram a privatiza\u00e7\u00e3o da CEB Distribui\u00e7\u00e3o, conforme fato relevante publicado pela empresa.<\/p>\n<p>&nbsp;<\/p>\n<p>Com isso, o Governo do Distrito Federal ficar\u00e1 com, no m\u00e1ximo, 49% das a\u00e7\u00f5es da CEB Distribui\u00e7\u00e3o, que vem acumulando preju\u00edzos e corre o risco de perder a concess\u00e3o para distribuir energia aos brasilienses.<\/p>\n<p>&nbsp;<\/p>\n<p>Todos os acionistas, incluindo os minorit\u00e1rios, votaram a favor da privatiza\u00e7\u00e3o da CEB Distribui\u00e7\u00e3o, com exce\u00e7\u00e3o de dois representantes dos empregados, que alegam n\u00e3o ser necess\u00e1ria a venda do controle acion\u00e1rio da empresa.<\/p>\n<p>&nbsp;<\/p>\n<p>Pelo que foi dito na assembleia, a CEB Distribui\u00e7\u00e3o acumula d\u00edvidas de R$ 1,1 bilh\u00e3o. Com a privatiza\u00e7\u00e3o, o s\u00f3cio privado ter\u00e1 a obriga\u00e7\u00e3o de injetar recursos no caixa da companhia, como forma de cumprir os limites operacionais impostos pela Ag\u00eancia Nacional de Energia El\u00e9trica (Aneel) e, claro, recuperar a capacidade de investimentos da empresa.<\/p>\n<p>&nbsp;<\/p>\n<p>Pelas determina\u00e7\u00f5es da Aneel, neste ano, a CEB Distribui\u00e7\u00e3o ter\u00e1 que receber aportes de R$ 426 milh\u00f5es. Desse total, R$ 80 milh\u00f5es ser\u00e3o injetados pelo grupo em junho. O restante, ser\u00e1 aportado no segundo semestre. Sem esses recursos, a empresa deixar\u00e1 de descumprir as determina\u00e7\u00f5es da Aneel, que amea\u00e7ou retirar a concess\u00e3o do Governo do Distrito Federal.<\/p>\n<p>&nbsp;<\/p>\n<p><strong>Modelo<\/strong><\/p>\n<p>&nbsp;<\/p>\n<p>A partir de agora, os controladores da CEB poder\u00e3o contratar as institui\u00e7\u00f5es que far\u00e3o a avalia\u00e7\u00e3o da companhia e tocar\u00e3o um amplo processo de auditoria. Com os resultados em m\u00e3os, poder\u00e1 ser definido o modelo de venda da empresa. Estima-se que os ativos da CEB (postes, redes integradas) estejam avaliados em R$ 900 milh\u00f5es.<\/p>\n<p>&nbsp;<\/p>\n<p>Antes da privatiza\u00e7\u00e3o, a CEB Distribui\u00e7\u00e3o ter\u00e1 que renegociar suas d\u00edvidas com bancos (R$ 270 milh\u00f5es) e com debenturistas, al\u00e9m de repactuar os d\u00e9bitos com fornecedores de energia. A empresa tamb\u00e9m precisa refinanciar d\u00edvidas tribut\u00e1rias. A meta \u00e9 reduzir o custo da d\u00edvida e alongar os prazos de pagamento.<\/p>\n<p>&nbsp;<\/p>\n<p>A venda do controle da CEB Distribui\u00e7\u00e3o tem por objetivo modernizar a gest\u00e3o, dar maior efici\u00eancia \u00e0 presta\u00e7\u00e3o de servi\u00e7os \u00e0 popula\u00e7\u00e3o e reduzir custos. O modelo de venda dever\u00e1 prever gest\u00e3o compartilhada com o GDF, que ter\u00e1 49% do capital.<\/p>\n","protected":false},"excerpt":{"rendered":"<p>Em assembleia realizada nesta quarta-feira, 19 de julho, acionistas da Companhia Energ\u00e9tica de Bras\u00edlia (CEB) aprovaram a privatiza\u00e7\u00e3o da CEB Distribui\u00e7\u00e3o, conforme fato relevante publicado pela empresa. &nbsp; Com isso, o Governo do Distrito Federal ficar\u00e1 com, no m\u00e1ximo, 49% das a\u00e7\u00f5es da CEB Distribui\u00e7\u00e3o, que vem acumulando preju\u00edzos e corre o risco de perder [&hellip;]<\/p>\n","protected":false},"author":22,"featured_media":0,"comment_status":"open","ping_status":"closed","sticky":false,"template":"","format":"standard","meta":{"footnotes":""},"categories":[600],"tags":[],"class_list":["post-11052","post","type-post","status-publish","format-standard","hentry","category-economia"],"_links":{"self":[{"href":"https:\/\/blogs.correiobraziliense.com.br\/vicente\/wp-json\/wp\/v2\/posts\/11052","targetHints":{"allow":["GET"]}}],"collection":[{"href":"https:\/\/blogs.correiobraziliense.com.br\/vicente\/wp-json\/wp\/v2\/posts"}],"about":[{"href":"https:\/\/blogs.correiobraziliense.com.br\/vicente\/wp-json\/wp\/v2\/types\/post"}],"author":[{"embeddable":true,"href":"https:\/\/blogs.correiobraziliense.com.br\/vicente\/wp-json\/wp\/v2\/users\/22"}],"replies":[{"embeddable":true,"href":"https:\/\/blogs.correiobraziliense.com.br\/vicente\/wp-json\/wp\/v2\/comments?post=11052"}],"version-history":[{"count":9,"href":"https:\/\/blogs.correiobraziliense.com.br\/vicente\/wp-json\/wp\/v2\/posts\/11052\/revisions"}],"predecessor-version":[{"id":11063,"href":"https:\/\/blogs.correiobraziliense.com.br\/vicente\/wp-json\/wp\/v2\/posts\/11052\/revisions\/11063"}],"wp:attachment":[{"href":"https:\/\/blogs.correiobraziliense.com.br\/vicente\/wp-json\/wp\/v2\/media?parent=11052"}],"wp:term":[{"taxonomy":"category","embeddable":true,"href":"https:\/\/blogs.correiobraziliense.com.br\/vicente\/wp-json\/wp\/v2\/categories?post=11052"},{"taxonomy":"post_tag","embeddable":true,"href":"https:\/\/blogs.correiobraziliense.com.br\/vicente\/wp-json\/wp\/v2\/tags?post=11052"}],"curies":[{"name":"wp","href":"https:\/\/api.w.org\/{rel}","templated":true}]}}