{"id":11037,"date":"2019-06-18T18:01:01","date_gmt":"2019-06-18T21:01:01","guid":{"rendered":"https:\/\/blogs.correiobraziliense.com.br\/vicente\/?p=11037"},"modified":"2019-06-18T19:55:18","modified_gmt":"2019-06-18T22:55:18","slug":"governo-edita-portaria-que-libera-trabalho-aos-domingos-e-feriados","status":"publish","type":"post","link":"https:\/\/blogs.correiobraziliense.com.br\/vicente\/governo-edita-portaria-que-libera-trabalho-aos-domingos-e-feriados\/","title":{"rendered":"Governo edita portaria que libera trabalho aos domingos e feriados"},"content":{"rendered":"<h2>HAMILTON FERRARI<\/h2>\n<h2><\/h2>\n<h2>O governo editou a portaria n\u00ba 604, nesta ter\u00e7a-feira (18\/06), que libera o trabalho aos domingos e feriados. O documento, assinado pelo secret\u00e1rio especial de Previd\u00eancia e Trabalho do Minist\u00e9rio da Economia, Rog\u00e9rio Marinho, dever\u00e1 ser publicado no Di\u00e1rio Oficial da Uni\u00e3o de quarta-feira (19\/06).<\/h2>\n<p>&nbsp;<\/p>\n<figure id=\"attachment_11038\" aria-describedby=\"caption-attachment-11038\" style=\"width: 300px\" class=\"wp-caption alignleft\"><a href=\"https:\/\/blogs.correiobraziliense.com.br\/vicente\/wp-content\/uploads\/sites\/16\/2019\/06\/Restaurante.jpg\"><img loading=\"lazy\" decoding=\"async\" class=\"size-full wp-image-11038\" src=\"https:\/\/blogs.correiobraziliense.com.br\/vicente\/wp-content\/uploads\/sites\/16\/2019\/06\/Restaurante.jpg\" alt=\"\" width=\"300\" height=\"400\" srcset=\"https:\/\/blogs.correiobraziliense.com.br\/vicente\/wp-content\/uploads\/sites\/16\/2019\/06\/Restaurante.jpg 300w, https:\/\/blogs.correiobraziliense.com.br\/vicente\/wp-content\/uploads\/sites\/16\/2019\/06\/Restaurante-225x300.jpg 225w, https:\/\/blogs.correiobraziliense.com.br\/vicente\/wp-content\/uploads\/sites\/16\/2019\/06\/Restaurante-263x350.jpg 263w, https:\/\/blogs.correiobraziliense.com.br\/vicente\/wp-content\/uploads\/sites\/16\/2019\/06\/Restaurante-230x307.jpg 230w\" sizes=\"auto, (max-width: 300px) 100vw, 300px\" \/><\/a><figcaption id=\"caption-attachment-11038\" class=\"wp-caption-text\">Foto: Enzo Pacelli\/Divulga\u00e7\u00e3o<\/figcaption><\/figure>\n<p>Est\u00e3o contemplados 78 ramos de atividade. Mas \u00e9 no setor de servi\u00e7os, especialmente no com\u00e9rcio, que a medida ter\u00e1 seu maior impacto. Hoje, h\u00e1 restri\u00e7\u00f5es para o trabalho aos fins de semana e em feriados. Pela portaria, aqueles que quiserem poder\u00e3o trabalhar todos os domingos, com folga em qualquer dia da semana.<\/p>\n<p>&nbsp;<\/p>\n<p>Na avalia\u00e7\u00e3o de Paulo Solmucci, presidente da Associa\u00e7\u00e3o Brasileira de Bares e Restaurantes (Abrasel), a portaria retira as amarras para a contrata\u00e7\u00e3o de m\u00e3o de obra nos dias de maior movimento do com\u00e9rcio. &#8220;Da forma como a legisla\u00e7\u00e3o estava estruturada, havia um custo operacional que as empresas n\u00e3o podiam arcar&#8221;, diz.<\/p>\n<p>&nbsp;<\/p>\n<p>A perspectiva \u00e9 de que a determina\u00e7\u00e3o da portaria seja incorporada no Congresso na Medida Provis\u00f3ria da Liberdade Econ\u00f4mica. H\u00e1 um grande movimento entre os parlamentares neste sentido, com o apoio da equipe econ\u00f4mica chefiada por Paulo Guedes.<\/p>\n<p>&nbsp;<\/p>\n<p><strong>Avan\u00e7os<\/strong><\/p>\n<p>&nbsp;<\/p>\n<p>Solmucci ressalta que, aos poucos, a legisla\u00e7\u00e3o est\u00e1 sendo atualizada. Ele cita como avan\u00e7o o trabalho intermitente, que permite aos trabalhadores fecharem contratos por hora, nos dias que forem mais convenientes para eles e para as empresas \u00e0 quais prestam servi\u00e7os.<\/p>\n<p>&nbsp;<\/p>\n<p>&#8220;O trabalho intermitente j\u00e1 \u00e9 respons\u00e1vel por 10% dos empregos que t\u00eam sido gerados no pa\u00eds&#8221;, afirma Solmucci. Ele lembra que o tema, inclu\u00eddo na nova Lei Trabalhista, est\u00e1 sendo questionado no Supremo Tribunal Federal (STF). O presidente da Corte, Dias Toffoli, j\u00e1 avisou que o tema ser\u00e1 avaliado no in\u00edcio do segundo semestre.<\/p>\n<p>&nbsp;<\/p>\n<p>&#8220;Precisamos ter uma pacifica\u00e7\u00e3o neste assunto&#8221;, diz o presidente da Abrasel. Para ele, quanto mais flex\u00edveis forem as leis trabalhistas, mais o pa\u00eds criar\u00e1 empregos. O Brasil ostenta hoje mais de 13 milh\u00f5es de desempregados. Essa conta cresce para mais de 28 milh\u00f5es quando inclu\u00eddos no levantamento aqueles que est\u00e3o no subemprego.<\/p>\n<p>&nbsp;<\/p>\n<p><em>Bras\u00edlia, 18h01min<\/em><\/p>\n","protected":false},"excerpt":{"rendered":"<p>HAMILTON FERRARI O governo editou a portaria n\u00ba 604, nesta ter\u00e7a-feira (18\/06), que libera o trabalho aos domingos e feriados. O documento, assinado pelo secret\u00e1rio especial de Previd\u00eancia e Trabalho do Minist\u00e9rio da Economia, Rog\u00e9rio Marinho, dever\u00e1 ser publicado no Di\u00e1rio Oficial da Uni\u00e3o de quarta-feira (19\/06). &nbsp; Est\u00e3o contemplados 78 ramos de atividade. Mas [&hellip;]<\/p>\n","protected":false},"author":22,"featured_media":0,"comment_status":"open","ping_status":"closed","sticky":false,"template":"","format":"standard","meta":{"footnotes":""},"categories":[600],"tags":[3664,3946,1343,3017,2827,2307],"class_list":["post-11037","post","type-post","status-publish","format-standard","hentry","category-economia","tag-rogerio-marinho","tag-domingo","tag-emprego","tag-feriados","tag-portaria","tag-trabalho"],"_links":{"self":[{"href":"https:\/\/blogs.correiobraziliense.com.br\/vicente\/wp-json\/wp\/v2\/posts\/11037","targetHints":{"allow":["GET"]}}],"collection":[{"href":"https:\/\/blogs.correiobraziliense.com.br\/vicente\/wp-json\/wp\/v2\/posts"}],"about":[{"href":"https:\/\/blogs.correiobraziliense.com.br\/vicente\/wp-json\/wp\/v2\/types\/post"}],"author":[{"embeddable":true,"href":"https:\/\/blogs.correiobraziliense.com.br\/vicente\/wp-json\/wp\/v2\/users\/22"}],"replies":[{"embeddable":true,"href":"https:\/\/blogs.correiobraziliense.com.br\/vicente\/wp-json\/wp\/v2\/comments?post=11037"}],"version-history":[{"count":4,"href":"https:\/\/blogs.correiobraziliense.com.br\/vicente\/wp-json\/wp\/v2\/posts\/11037\/revisions"}],"predecessor-version":[{"id":11042,"href":"https:\/\/blogs.correiobraziliense.com.br\/vicente\/wp-json\/wp\/v2\/posts\/11037\/revisions\/11042"}],"wp:attachment":[{"href":"https:\/\/blogs.correiobraziliense.com.br\/vicente\/wp-json\/wp\/v2\/media?parent=11037"}],"wp:term":[{"taxonomy":"category","embeddable":true,"href":"https:\/\/blogs.correiobraziliense.com.br\/vicente\/wp-json\/wp\/v2\/categories?post=11037"},{"taxonomy":"post_tag","embeddable":true,"href":"https:\/\/blogs.correiobraziliense.com.br\/vicente\/wp-json\/wp\/v2\/tags?post=11037"}],"curies":[{"name":"wp","href":"https:\/\/api.w.org\/{rel}","templated":true}]}}