{"id":11031,"date":"2019-06-18T18:06:23","date_gmt":"2019-06-18T21:06:23","guid":{"rendered":"https:\/\/blogs.correiobraziliense.com.br\/vicente\/?p=11031"},"modified":"2019-06-18T18:40:24","modified_gmt":"2019-06-18T21:40:24","slug":"indicacao-de-onyx-para-casa-civil-desagrada-aliados-e-lideres-caminhoneiros","status":"publish","type":"post","link":"https:\/\/blogs.correiobraziliense.com.br\/vicente\/indicacao-de-onyx-para-casa-civil-desagrada-aliados-e-lideres-caminhoneiros\/","title":{"rendered":"Indica\u00e7\u00e3o de Onyx para Casa Civil desagrada aliados e l\u00edderes caminhoneiros"},"content":{"rendered":"<p><span style=\"font-weight: 400\">RODOLFO COSTA<\/span><\/p>\n<p><span style=\"font-weight: 400\">O ministro-chefe da Casa Civil, Onyx Lorenzoni, conseguiu desagradar a gregos e troianos em uma \u00fanica nomea\u00e7\u00e3o. O articulador pol\u00edtico do governo indicou Giselle Pereira como assessora especial da pasta para fazer a interlocu\u00e7\u00e3o com os caminhoneiros. O problema \u00e9 que a nomea\u00e7\u00e3o, j\u00e1 publicada no Di\u00e1rio Oficial da Uni\u00e3o, n\u00e3o agradou a categoria dos transportadores, nem deputados do DEM e do PSL. <\/span><\/p>\n<p>&nbsp;<\/p>\n<p><span style=\"font-weight: 400\">A indicada por Onyx \u00e9 uma desconhecida entre as principais lideran\u00e7as dos caminhoneiros. Tanto que o caminhoneiro Wallace Landim, mais conhecido como Chor\u00e3o, um dos l\u00edderes respons\u00e1veis pela paralisa\u00e7\u00e3o nacional em 2018, criticou a escolha em mensagem enviada por WhatsApp ao articulador do governo. A mensagem foi obtida pelo <\/span><b>Blog<\/b><span style=\"font-weight: 400\"> e confirmada com outros representantes da classe como sendo do pr\u00f3prio Chor\u00e3o. <\/span><\/p>\n<p>&nbsp;<\/p>\n<p><span style=\"font-weight: 400\">O caminhoneiro dispara a Onyx que est\u00e1 \u201clavando as m\u00e3os\u201d com a escolha, deixando claro n\u00e3o estar contente com a indica\u00e7\u00e3o. \u201cDaqui pra frente, voc\u00eas v\u00e3o ver o que vai acontecer. Quem tem que ser nomeado \u00e9 algu\u00e9m que seja da categoria. N\u00e3o conte com n\u00f3s para nada. Estou indignado. Estamos tentando falar com o senhor e n\u00e3o aceitamos essa mulher ser nomeada como articuladora dos caminhoneiros da Casa Civil. Pe\u00e7o compreens\u00e3o com o senhor para que possa, pelo menos, me responder\u201d, declarou.<\/span><\/p>\n<p>&nbsp;<\/p>\n<p><span style=\"font-weight: 400\">A cr\u00edtica de Chor\u00e3o \u00e9 sintom\u00e1tica. O caminhoneiro \u00e9 um dos principais l\u00edderes da categoria que, embora n\u00e3o tenha ampla uni\u00e3o, encontra nele um de seus porta-vozes mais influentes no governo. \u201cN\u00e3o contar\u201d com Chor\u00e3o e deixar que o governo veja \u201co que vai acontecer\u201d s\u00e3o press\u00e1gios do que pode estar por vir. O Executivo deu o prazo de 20 de julho para os caminhoneiros para cumprir com vig\u00eancia do Documento de Transporte Eletr\u00f4nico (DT-e). <\/span><\/p>\n<p>&nbsp;<\/p>\n<p><b>Trava<\/b><\/p>\n<p><span style=\"font-weight: 400\">O mecanismo \u00e9 uma esp\u00e9cie de \u201ctrava\u201d eletr\u00f4nica que vai bloquear carregamentos abaixo do piso m\u00ednimo de frete. A promessa do governo \u00e9 que, a partir de 20 de julho, os embarcadores ser\u00e3o obrigados a pagar o m\u00ednimo previsto na tabela. A emiss\u00e3o de documentos abaixo do valor ser\u00e3o travados eletronicamente. O n\u00e3o cumprimento desta tabela \u00e9, hoje, algo que poderia levar os caminhoneiros a uma paralisa\u00e7\u00e3o. Os l\u00edderes, por sinal, atuaram para demover a ideia de uma greve nacional convocada por transportadores do \u201cbaixo clero\u201d h\u00e1 pouco mais de um m\u00eas.<\/span><\/p>\n<p>&nbsp;<\/p>\n<p><span style=\"font-weight: 400\">A falta de representatividade de Giselle junto aos caminhoneiros \u00e9, assim, uma amea\u00e7a para o governo. Tamb\u00e9m por ser um desafeto dos deputados Luis Miranda (DEM-DF) e Carla Zambelli (PSL-SP). A indicada de Onyx afirmou em v\u00eddeos ter protocolado no in\u00edcio do ano uma den\u00fancia acusando o demista de improbidade administrativa. Miranda entrou com requerimento na Corregedoria Parlamentar, que n\u00e3o identificou nenhuma den\u00fancia. &#8220;N\u00e3o foram protocolizados ou encaminhados den\u00fancias, requerimentos, representa\u00e7\u00f5es, ou quaisquer outros expedientes de natureza correcional em desfavor de Vossa Excel\u00eancia&#8221;, informou, em of\u00edcio obtido pelo <strong>Blog<\/strong>, o chefe de gabinete da corregedoria, Alexandre Trindade de Souza. <\/span><\/p>\n<p>&nbsp;<\/p>\n<p><span style=\"font-weight: 400\"><br \/>\nA decis\u00e3o do articulador do governo se mostra, assim, n\u00e3o apenas um equ\u00edvoco t\u00e9cnico, mas, tamb\u00e9m, pol\u00edtico.\u00a0<\/span><span style=\"font-weight: 400\">O demista e a pesselista s\u00e3o deputados pr\u00f3ximos da lideran\u00e7a do governo. Miranda \u00e9 um dos parlamentares que iniciou movimentos de proximidade ao Pal\u00e1cio do Planalto alertando para movimenta\u00e7\u00f5es pol\u00edticas de enfraquecimento ao presidente Jair Bolsonaro. E, mesmo sem o DEM ser da base governista, evitou, com articula\u00e7\u00e3o direta de Miranda, uma derrota na Comiss\u00e3o de Seguran\u00e7a P\u00fablica da C\u00e2mara, que debatia o convite do jornalista Glenn Greenwald.<\/span><\/p>\n","protected":false},"excerpt":{"rendered":"<p>RODOLFO COSTA O ministro-chefe da Casa Civil, Onyx Lorenzoni, conseguiu desagradar a gregos e troianos em uma \u00fanica nomea\u00e7\u00e3o. O articulador pol\u00edtico do governo indicou Giselle Pereira como assessora especial da pasta para fazer a interlocu\u00e7\u00e3o com os caminhoneiros. O problema \u00e9 que a nomea\u00e7\u00e3o, j\u00e1 publicada no Di\u00e1rio Oficial da Uni\u00e3o, n\u00e3o agradou a [&hellip;]<\/p>\n","protected":false},"author":22,"featured_media":11032,"comment_status":"open","ping_status":"closed","sticky":false,"template":"","format":"standard","meta":{"footnotes":""},"categories":[600],"tags":[2554,3390,3945,467,3917],"class_list":["post-11031","post","type-post","status-publish","format-standard","has-post-thumbnail","hentry","category-economia","tag-bolsonaro","tag-caminhoneiros","tag-chorao","tag-governo","tag-onyx"],"_links":{"self":[{"href":"https:\/\/blogs.correiobraziliense.com.br\/vicente\/wp-json\/wp\/v2\/posts\/11031","targetHints":{"allow":["GET"]}}],"collection":[{"href":"https:\/\/blogs.correiobraziliense.com.br\/vicente\/wp-json\/wp\/v2\/posts"}],"about":[{"href":"https:\/\/blogs.correiobraziliense.com.br\/vicente\/wp-json\/wp\/v2\/types\/post"}],"author":[{"embeddable":true,"href":"https:\/\/blogs.correiobraziliense.com.br\/vicente\/wp-json\/wp\/v2\/users\/22"}],"replies":[{"embeddable":true,"href":"https:\/\/blogs.correiobraziliense.com.br\/vicente\/wp-json\/wp\/v2\/comments?post=11031"}],"version-history":[{"count":3,"href":"https:\/\/blogs.correiobraziliense.com.br\/vicente\/wp-json\/wp\/v2\/posts\/11031\/revisions"}],"predecessor-version":[{"id":11035,"href":"https:\/\/blogs.correiobraziliense.com.br\/vicente\/wp-json\/wp\/v2\/posts\/11031\/revisions\/11035"}],"wp:featuredmedia":[{"embeddable":true,"href":"https:\/\/blogs.correiobraziliense.com.br\/vicente\/wp-json\/wp\/v2\/media\/11032"}],"wp:attachment":[{"href":"https:\/\/blogs.correiobraziliense.com.br\/vicente\/wp-json\/wp\/v2\/media?parent=11031"}],"wp:term":[{"taxonomy":"category","embeddable":true,"href":"https:\/\/blogs.correiobraziliense.com.br\/vicente\/wp-json\/wp\/v2\/categories?post=11031"},{"taxonomy":"post_tag","embeddable":true,"href":"https:\/\/blogs.correiobraziliense.com.br\/vicente\/wp-json\/wp\/v2\/tags?post=11031"}],"curies":[{"name":"wp","href":"https:\/\/api.w.org\/{rel}","templated":true}]}}