{"id":11020,"date":"2019-06-18T14:49:07","date_gmt":"2019-06-18T17:49:07","guid":{"rendered":"https:\/\/blogs.correiobraziliense.com.br\/vicente\/?p=11020"},"modified":"2019-06-18T15:00:38","modified_gmt":"2019-06-18T18:00:38","slug":"decreto-das-armas-liga-sinal-vermelho-a-bolsonaro-que-inicia-conversas-para-construir-base","status":"publish","type":"post","link":"https:\/\/blogs.correiobraziliense.com.br\/vicente\/decreto-das-armas-liga-sinal-vermelho-a-bolsonaro-que-inicia-conversas-para-construir-base\/","title":{"rendered":"Decreto das armas liga sinal vermelho a Bolsonaro, que inicia conversas para construir base"},"content":{"rendered":"<p><span style=\"font-weight: 400\">RODOLFO COSTA<\/span><\/p>\n<p><span style=\"font-weight: 400\">O governo vai precisar de muito traquejo e jogo de cintura para estruturar a articula\u00e7\u00e3o pol\u00edtica. Com a poss\u00edvel derrubada do decreto das armas no Senado, o presidente Jair Bolsonaro vai, pessoalmente, retomar conversas com as bancadas partid\u00e1rias para a afinar o aprimoramento do di\u00e1logo em busca da constru\u00e7\u00e3o de uma base. O momento, agora, \u00e9 de ouvir mais e falar menos. Nesta ter\u00e7a-feira (18\/6), recebe a bancada do Podemos no Congresso para dialogar.<\/span><\/p>\n<p>&nbsp;<\/p>\n<p><span style=\"font-weight: 400\">A lideran\u00e7a do partido vai sugerir Bolsonaro a utiliza\u00e7\u00e3o de recursos do pr\u00e9-sal para financiar um permanente Fundo de Manuten\u00e7\u00e3o e Desenvolvimento da Educa\u00e7\u00e3o B\u00e1sica e de Valoriza\u00e7\u00e3o dos Profissionais da Educa\u00e7\u00e3o (Fundeb). O l\u00edder do Podemos na C\u00e2mara, Jos\u00e9 Nelto, afirmou ao <strong>Blog<\/strong> que debater\u00e1 com o presidente da Rep\u00fablica o uso de verbas para o financiamento de educa\u00e7\u00e3o em tempo integral no Brasil. <\/span><\/p>\n<p>&nbsp;<\/p>\n<p><span style=\"font-weight: 400\">O encontro entre Bolsonaro e a bancada do Podemos ser\u00e1 intermediado pela l\u00edder do governo no Congresso, deputada Joice Hasselmann (PSL-SP). O partido, no entanto, n\u00e3o vai discutir a entrada na base governista neste momento, adverte Nelto. \u201c\u00c9 uma pauta a ser discutida depois da reforma da Previd\u00eancia\u201d, explicou. O momento, explica, \u00e9 de dialogar agendas, como a de educa\u00e7\u00e3o, e econ\u00f4mica. <\/span><\/p>\n<p>&nbsp;<\/p>\n<p><span style=\"font-weight: 400\">Outra pauta a ser discutida com Bolsonaro ser\u00e1 a abertura do sistema financeiro. \u201cSem isso, a defesa do governo sobre capitaliza\u00e7\u00e3o na reforma da Previd\u00eancia, por exemplo, fica inviabilizada \u201d, alertou. O argumento de Nelto \u00e9 que o pa\u00eds n\u00e3o pode debater a mudan\u00e7a do regime de reparti\u00e7\u00e3o para o de capitaliza\u00e7\u00e3o em um regime em que cinco bancos det\u00eam cerca de 85% do mercado de cr\u00e9dito. \u00a0<\/span><\/p>\n<p>&nbsp;<\/p>\n<p><span style=\"font-weight: 400\">A bancada do Podemos inevitavelmente tamb\u00e9m conversar\u00e1 com Bolsonaro sobre o decreto que flexibiliza o porte de armas. Nelto vai sugerir um di\u00e1logo aberto com o Parlamento e o envio de projetos de lei para discuss\u00e3o de mat\u00e9rias pol\u00eamicas, e n\u00e3o a edi\u00e7\u00e3o de decretos. O conselho ser\u00e1 importante para o Pal\u00e1cio do Planalto come\u00e7ar a discutir a composi\u00e7\u00e3o da base. Afinal de contas, governar por decretos \u00e9 insustent\u00e1vel a m\u00e9dio e longo prazo.<\/span><\/p>\n<p>&nbsp;<\/p>\n<p><strong>Sangrar<\/strong><\/p>\n<p><span style=\"font-weight: 400\">O governo tamb\u00e9m n\u00e3o vai poder se ancorar na libera\u00e7\u00e3o de emendas parlamentares. \u00c9 um modelo de articula\u00e7\u00e3o que se esgotar\u00e1 caso o Senado aprove a Proposta de Emenda \u00e0 Constitui\u00e7\u00e3o (PEC) 34\/2019, que obriga o governo a executar todas as emendas, tornando-as todas impositivas. Sobrar\u00e1 ao governo entrar em acordos projeto a projeto. Ou, enfim, construir a base.<\/span><\/p>\n<p>&nbsp;<\/p>\n<p><span style=\"font-weight: 400\">Ser\u00e1 uma \u00e1rdua tarefa para a articula\u00e7\u00e3o pol\u00edtica negociar projeto a projeto com o Congresso enquanto ainda enfrenta discuss\u00f5es e crises, como a derrubada do decreto e a fritura proposta pela oposi\u00e7\u00e3o ao ministro da Justi\u00e7a, S\u00e9rgio Moro, alerta Nelto. \u201cSe o governo n\u00e3o fizer a base, vai sangrar pelos pr\u00f3ximos tr\u00eas anos e meio. O conselho que eu dou \u00e9 agir politicamente agora para come\u00e7ar a pavimentar a constru\u00e7\u00e3o da base, que, efetivamente, deve ficar pronta depois da aprova\u00e7\u00e3o da reforma da Previd\u00eancia\u201d, destacou.<\/span><\/p>\n","protected":false},"excerpt":{"rendered":"<p>RODOLFO COSTA O governo vai precisar de muito traquejo e jogo de cintura para estruturar a articula\u00e7\u00e3o pol\u00edtica. Com a poss\u00edvel derrubada do decreto das armas no Senado, o presidente Jair Bolsonaro vai, pessoalmente, retomar conversas com as bancadas partid\u00e1rias para a afinar o aprimoramento do di\u00e1logo em busca da constru\u00e7\u00e3o de uma base. O [&hellip;]<\/p>\n","protected":false},"author":22,"featured_media":11021,"comment_status":"open","ping_status":"closed","sticky":false,"template":"","format":"standard","meta":{"footnotes":""},"categories":[600],"tags":[3218,3943,2554,2371,3862,3944],"class_list":["post-11020","post","type-post","status-publish","format-standard","has-post-thumbnail","hentry","category-economia","tag-armas","tag-base","tag-bolsonaro","tag-decreto","tag-jose-nelto","tag-podemos"],"_links":{"self":[{"href":"https:\/\/blogs.correiobraziliense.com.br\/vicente\/wp-json\/wp\/v2\/posts\/11020","targetHints":{"allow":["GET"]}}],"collection":[{"href":"https:\/\/blogs.correiobraziliense.com.br\/vicente\/wp-json\/wp\/v2\/posts"}],"about":[{"href":"https:\/\/blogs.correiobraziliense.com.br\/vicente\/wp-json\/wp\/v2\/types\/post"}],"author":[{"embeddable":true,"href":"https:\/\/blogs.correiobraziliense.com.br\/vicente\/wp-json\/wp\/v2\/users\/22"}],"replies":[{"embeddable":true,"href":"https:\/\/blogs.correiobraziliense.com.br\/vicente\/wp-json\/wp\/v2\/comments?post=11020"}],"version-history":[{"count":6,"href":"https:\/\/blogs.correiobraziliense.com.br\/vicente\/wp-json\/wp\/v2\/posts\/11020\/revisions"}],"predecessor-version":[{"id":11027,"href":"https:\/\/blogs.correiobraziliense.com.br\/vicente\/wp-json\/wp\/v2\/posts\/11020\/revisions\/11027"}],"wp:featuredmedia":[{"embeddable":true,"href":"https:\/\/blogs.correiobraziliense.com.br\/vicente\/wp-json\/wp\/v2\/media\/11021"}],"wp:attachment":[{"href":"https:\/\/blogs.correiobraziliense.com.br\/vicente\/wp-json\/wp\/v2\/media?parent=11020"}],"wp:term":[{"taxonomy":"category","embeddable":true,"href":"https:\/\/blogs.correiobraziliense.com.br\/vicente\/wp-json\/wp\/v2\/categories?post=11020"},{"taxonomy":"post_tag","embeddable":true,"href":"https:\/\/blogs.correiobraziliense.com.br\/vicente\/wp-json\/wp\/v2\/tags?post=11020"}],"curies":[{"name":"wp","href":"https:\/\/api.w.org\/{rel}","templated":true}]}}