{"id":11016,"date":"2019-06-18T13:32:04","date_gmt":"2019-06-18T16:32:04","guid":{"rendered":"https:\/\/blogs.correiobraziliense.com.br\/vicente\/?p=11016"},"modified":"2019-06-18T13:36:22","modified_gmt":"2019-06-18T16:36:22","slug":"bolsonaro-suplica-mas-clima-no-congresso-e-pela-derrubada-do-decreto-das-armas","status":"publish","type":"post","link":"https:\/\/blogs.correiobraziliense.com.br\/vicente\/bolsonaro-suplica-mas-clima-no-congresso-e-pela-derrubada-do-decreto-das-armas\/","title":{"rendered":"Bolsonaro suplica, mas clima no Congresso \u00e9 pela derrubada do decreto das armas"},"content":{"rendered":"<p><span style=\"font-weight: 400\">RODOLFO COSTA<\/span><\/p>\n<p><span style=\"font-weight: 400\">O decreto 9.785\/2019, que flexibiliza o porte e comercializa\u00e7\u00e3o de armas de fogo e muni\u00e7\u00f5es, vai cair. Esse \u00e9 o clima no Senado e na C\u00e2mara. Nem mesmo os apelos do presidente Jair Bolsonaro conseguir\u00e3o reverter o atual quadro. Mesmo l\u00edderes partid\u00e1rios aliados est\u00e3o dispostos a imputar uma derrota ao Pal\u00e1cio do Planalto. A articula\u00e7\u00e3o contr\u00e1ria ao governo feita pelas bancadas \u00e9 simb\u00f3lica. O Legislativo quer que o Executivo pare de governar por decretos e Medidas Provis\u00f3rias (MPs).<\/span><\/p>\n<p>&nbsp;<\/p>\n<p><span style=\"font-weight: 400\">A prov\u00e1vel derrota ser\u00e1 um recado para que o governo comece a dialogar mais e propor ideias por projetos de lei. At\u00e9 o in\u00edcio de junho, Bolsonaro tinha editado 157 decretos. \u00c9 o presidente que mais assinou esse tipo de instrumento do Executivo em cinco meses completos de governo desde Fernando Collor de Mello. Ou seja, o Congresso vai responder o governo com um rev\u00e9s menos por conta do conte\u00fado do decreto em si, e mais por conta da articula\u00e7\u00e3o pol\u00edtica. <\/span><\/p>\n<p>&nbsp;<\/p>\n<p><span style=\"font-weight: 400\">O presidente disse nesta ter\u00e7a-feira (18\/6) ser um democrata, n\u00e3o um ditador, em tom de respeito \u00e0 vontade do Parlamento. No entanto, a leitura feita por l\u00edderes partid\u00e1rios mostra que a forma de governar se assemelha em certos aspectos ao de ditadores. Acontece que a edi\u00e7\u00e3o de decretos aos moldes do 9.785\/2019, regulando a flexibiliza\u00e7\u00e3o do porte de armas de forma imediata, foi feito aos moldes dos \u201cdecretos-lei\u201d, instrumentos muito utilizados nas Constitui\u00e7\u00f5es de 1967 e 1969, no per\u00edodo do regime militar, quando o Congresso e o Judici\u00e1rio eram subordinados ao Executivo.<\/span><\/p>\n<p>&nbsp;<\/p>\n<p><span style=\"font-weight: 400\">A Constitui\u00e7\u00e3o de 1988, no entanto, equipara os Tr\u00eas Poderes e concede autonomia a cada um. \u201cBolsonaro precisa aprender que n\u00e3o se pode governar amparado por decretos ou Medidas Provis\u00f3rias. H\u00e1 momentos para se fazer isso, e regulamentar uma mat\u00e9ria pol\u00eamica como o porte de armas, por decreto, n\u00e3o \u00e9 um desses. O correto \u00e9 discutir isso por projeto de lei. Essa \u00e9 a resposta que o Senado dar\u00e1, e depois n\u00f3s\u201d, afirmou ao <\/span><b>Blog<\/b><span style=\"font-weight: 400\"> um l\u00edder de partido da C\u00e2mara. <\/span><\/p>\n","protected":false},"excerpt":{"rendered":"<p>RODOLFO COSTA O decreto 9.785\/2019, que flexibiliza o porte e comercializa\u00e7\u00e3o de armas de fogo e muni\u00e7\u00f5es, vai cair. Esse \u00e9 o clima no Senado e na C\u00e2mara. Nem mesmo os apelos do presidente Jair Bolsonaro conseguir\u00e3o reverter o atual quadro. Mesmo l\u00edderes partid\u00e1rios aliados est\u00e3o dispostos a imputar uma derrota ao Pal\u00e1cio do Planalto. [&hellip;]<\/p>\n","protected":false},"author":22,"featured_media":10489,"comment_status":"open","ping_status":"closed","sticky":false,"template":"","format":"standard","meta":{"footnotes":""},"categories":[600],"tags":[3218,2554,254,2371,856],"class_list":["post-11016","post","type-post","status-publish","format-standard","has-post-thumbnail","hentry","category-economia","tag-armas","tag-bolsonaro","tag-congresso","tag-decreto","tag-derrota"],"_links":{"self":[{"href":"https:\/\/blogs.correiobraziliense.com.br\/vicente\/wp-json\/wp\/v2\/posts\/11016","targetHints":{"allow":["GET"]}}],"collection":[{"href":"https:\/\/blogs.correiobraziliense.com.br\/vicente\/wp-json\/wp\/v2\/posts"}],"about":[{"href":"https:\/\/blogs.correiobraziliense.com.br\/vicente\/wp-json\/wp\/v2\/types\/post"}],"author":[{"embeddable":true,"href":"https:\/\/blogs.correiobraziliense.com.br\/vicente\/wp-json\/wp\/v2\/users\/22"}],"replies":[{"embeddable":true,"href":"https:\/\/blogs.correiobraziliense.com.br\/vicente\/wp-json\/wp\/v2\/comments?post=11016"}],"version-history":[{"count":2,"href":"https:\/\/blogs.correiobraziliense.com.br\/vicente\/wp-json\/wp\/v2\/posts\/11016\/revisions"}],"predecessor-version":[{"id":11018,"href":"https:\/\/blogs.correiobraziliense.com.br\/vicente\/wp-json\/wp\/v2\/posts\/11016\/revisions\/11018"}],"wp:featuredmedia":[{"embeddable":true,"href":"https:\/\/blogs.correiobraziliense.com.br\/vicente\/wp-json\/wp\/v2\/media\/10489"}],"wp:attachment":[{"href":"https:\/\/blogs.correiobraziliense.com.br\/vicente\/wp-json\/wp\/v2\/media?parent=11016"}],"wp:term":[{"taxonomy":"category","embeddable":true,"href":"https:\/\/blogs.correiobraziliense.com.br\/vicente\/wp-json\/wp\/v2\/categories?post=11016"},{"taxonomy":"post_tag","embeddable":true,"href":"https:\/\/blogs.correiobraziliense.com.br\/vicente\/wp-json\/wp\/v2\/tags?post=11016"}],"curies":[{"name":"wp","href":"https:\/\/api.w.org\/{rel}","templated":true}]}}