{"id":10962,"date":"2019-06-13T14:29:27","date_gmt":"2019-06-13T17:29:27","guid":{"rendered":"https:\/\/blogs.correiobraziliense.com.br\/vicente\/?p=10962"},"modified":"2019-06-13T14:49:54","modified_gmt":"2019-06-13T17:49:54","slug":"criancas-e-adolescentes-receberao-cinco-mil-pulseiras-de-identificacao-para-copa-america","status":"publish","type":"post","link":"https:\/\/blogs.correiobraziliense.com.br\/vicente\/criancas-e-adolescentes-receberao-cinco-mil-pulseiras-de-identificacao-para-copa-america\/","title":{"rendered":"Crian\u00e7as e adolescentes receber\u00e3o cinco mil pulseiras de identifica\u00e7\u00e3o para Copa Am\u00e9rica"},"content":{"rendered":"<h2>HAMILTON FERRARI<\/h2>\n<h2><\/h2>\n<h2>A Funda\u00e7\u00e3o para Inf\u00e2ncia e Adolesc\u00eancia (FIA) vai disponibilizar cinco mil pulseiras de identifica\u00e7\u00e3o para crian\u00e7as e adolescentes durante Copa Am\u00e9rica de futebol. Os jogos come\u00e7am neste fim de semana e t\u00eam a previs\u00e3o de atrair mais de 200 mil pessoas para o Brasil.<\/h2>\n<p>&nbsp;<\/p>\n<p>O Rio de Janeiro ser\u00e1 a sede principal do campeonato internacional. Pensando nisso, o \u00f3rg\u00e3o, vinculado a Secretaria de Estado de Desenvolvimento Social e Direitos Humanos, decidiu disponibilizar as pulseiras durante os shows que acontecer\u00e3o no Boulevard Ol\u00edmpico a partir desta sexta-feira, dia 14 de junho.<\/p>\n<p>&nbsp;<\/p>\n<p>O objetivo \u00e9 evitar o desaparecimento moment\u00e2neo ou prologado de crian\u00e7as e adolescentes.\u00a0\u201cConscientizar os respons\u00e1veis por crian\u00e7as sobre a import\u00e2ncia da identifica\u00e7\u00e3o por meio de pulseiras \u00e9 essencial para facilitar a localiza\u00e7\u00e3o no caso de qualquer incidente. Vamos contribuir para que todos possam aproveitar os shows, durante os jogos, com seguran\u00e7a\u201d, destaca a secret\u00e1ria de Estado de Desenvolvimento Social e Direitos Humanos, Fabiana Bentes. &#8220;Precisamos entender que quando h\u00e1 muita gente, em momentos de distra\u00e7\u00e3o, s\u00f3 por olhar para o lado, a pessoa pode perder uma crian\u00e7a momentaneamente ou at\u00e9 por mais tempo&#8221;, completa.<\/p>\n<p>&nbsp;<\/p>\n<p>Ela lembra, ainda, que em uma situa\u00e7\u00e3o como essa, a pulseira de identifica\u00e7\u00e3o pode acelerar a localiza\u00e7\u00e3o de uma crian\u00e7a perdida.<\/p>\n<p>&nbsp;<\/p>\n<p><em>Bras\u00edlia, 14h24min<\/em><\/p>\n","protected":false},"excerpt":{"rendered":"<p>HAMILTON FERRARI A Funda\u00e7\u00e3o para Inf\u00e2ncia e Adolesc\u00eancia (FIA) vai disponibilizar cinco mil pulseiras de identifica\u00e7\u00e3o para crian\u00e7as e adolescentes durante Copa Am\u00e9rica de futebol. Os jogos come\u00e7am neste fim de semana e t\u00eam a previs\u00e3o de atrair mais de 200 mil pessoas para o Brasil. &nbsp; O Rio de Janeiro ser\u00e1 a sede principal [&hellip;]<\/p>\n","protected":false},"author":22,"featured_media":10972,"comment_status":"open","ping_status":"closed","sticky":false,"template":"","format":"standard","meta":{"footnotes":""},"categories":[600],"tags":[3935,3932,3476,3933,3934,273],"class_list":["post-10962","post","type-post","status-publish","format-standard","has-post-thumbnail","hentry","category-economia","tag-adolescente","tag-america","tag-copa","tag-crianca","tag-pulseira","tag-rio"],"_links":{"self":[{"href":"https:\/\/blogs.correiobraziliense.com.br\/vicente\/wp-json\/wp\/v2\/posts\/10962","targetHints":{"allow":["GET"]}}],"collection":[{"href":"https:\/\/blogs.correiobraziliense.com.br\/vicente\/wp-json\/wp\/v2\/posts"}],"about":[{"href":"https:\/\/blogs.correiobraziliense.com.br\/vicente\/wp-json\/wp\/v2\/types\/post"}],"author":[{"embeddable":true,"href":"https:\/\/blogs.correiobraziliense.com.br\/vicente\/wp-json\/wp\/v2\/users\/22"}],"replies":[{"embeddable":true,"href":"https:\/\/blogs.correiobraziliense.com.br\/vicente\/wp-json\/wp\/v2\/comments?post=10962"}],"version-history":[{"count":3,"href":"https:\/\/blogs.correiobraziliense.com.br\/vicente\/wp-json\/wp\/v2\/posts\/10962\/revisions"}],"predecessor-version":[{"id":10968,"href":"https:\/\/blogs.correiobraziliense.com.br\/vicente\/wp-json\/wp\/v2\/posts\/10962\/revisions\/10968"}],"wp:featuredmedia":[{"embeddable":true,"href":"https:\/\/blogs.correiobraziliense.com.br\/vicente\/wp-json\/wp\/v2\/media\/10972"}],"wp:attachment":[{"href":"https:\/\/blogs.correiobraziliense.com.br\/vicente\/wp-json\/wp\/v2\/media?parent=10962"}],"wp:term":[{"taxonomy":"category","embeddable":true,"href":"https:\/\/blogs.correiobraziliense.com.br\/vicente\/wp-json\/wp\/v2\/categories?post=10962"},{"taxonomy":"post_tag","embeddable":true,"href":"https:\/\/blogs.correiobraziliense.com.br\/vicente\/wp-json\/wp\/v2\/tags?post=10962"}],"curies":[{"name":"wp","href":"https:\/\/api.w.org\/{rel}","templated":true}]}}